{"id":1117,"date":"2025-02-01T15:36:25","date_gmt":"2025-02-01T19:36:25","guid":{"rendered":"https:\/\/antoniojosebotelho.com.br\/br\/?p=1117"},"modified":"2025-05-01T15:46:52","modified_gmt":"2025-05-01T19:46:52","slug":"series-de-hatha-yoga-duas-decadas-de-pratica","status":"publish","type":"post","link":"http:\/\/antoniojosebotelho.com.br\/br\/2025\/02\/01\/series-de-hatha-yoga-duas-decadas-de-pratica\/","title":{"rendered":"S\u00e9ries de Hatha Yoga: duas d\u00e9cadas de pr\u00e1tica"},"content":{"rendered":"\n<p>Na juventude, as serpentes venenosas da audi\u00e7\u00e3o e da vis\u00e3o, do paladar, do toque e do olfato, fartaram-se com seus \u00f3rg\u00e3os vitais, acabaram com meu discernimento. Ai de mim! Meu cora\u00e7\u00e3o, privado do pensamento de Shiva, inflama-se de arrog\u00e2ncia&amp;orgulho! Assim sendo, \u00f3 Shiva! \u00f3 Mahadheva! \u00f3<br>Shambho! perdoa-me, rogo-te pelas minhas transgress\u00f5es. Agora, na velhice, meus sentidos perderam pot\u00eancia do julgamento e da a\u00e7\u00e3o adequada. Meu corpo est\u00e1 fraco e senil por causa de afli\u00e7\u00f5es. Por\u00e9m, mesmo agora, minha mente, em vez de meditar em Shiva, corre atr\u00e1s de desejos v\u00e3os e discuss\u00f5es ocas. Assim sendo, \u00f3 Shiva! \u00f3 Mahadheva! \u00f3 Shambho! perdoa-me, rogo-te pelas minhas transgress\u00f5es.<br>Eu me curvo a Ele, que concede aos s\u00e1bios o Conhecimento direto da Verdade. Eu me curvo ao professor dos tr\u00eas mundos, Dakshinamurthy, o Senhor de Si, que dissipa a mis\u00e9ria do nascimento&amp;morte. (Vanamali; Shiva; SP\/Madras; 2019).<br>ADI SHANKARACHARYA<\/p>\n\n\n\n<p>Acesse este livro em <a href=\"https:\/\/clubedeautores.com.br\/livro\/series-de-hatha-yoga\" target=\"_blank\" rel=\"noreferrer noopener\">Clube de Autores<\/a><\/p>\n\n\n\n<p>Capa e contracapa &#8211; <a href=\"http:\/\/antoniojosebotelho.com.br\/br\/wp-content\/uploads\/2025\/02\/capa-series-de-hatha-yoga.png\" target=\"_blank\" rel=\"noreferrer noopener\">PNG<\/a><\/p>\n\n\n\n<p><\/p>\n","protected":false},"excerpt":{"rendered":"<p>Na juventude, as serpentes venenosas da audi\u00e7\u00e3o e da vis\u00e3o, do paladar, do toque e do olfato, fartaram-se com seus \u00f3rg\u00e3os vitais, acabaram com meu discernimento. Ai de mim! Meu cora\u00e7\u00e3o, privado do pensamento de Shiva, inflama-se de arrog\u00e2ncia&amp;orgulho! Assim sendo, \u00f3 Shiva! \u00f3 Mahadheva! \u00f3Shambho! perdoa-me, rogo-te pelas minhas transgress\u00f5es. Agora, na velhice, meus [&hellip;]<\/p>\n","protected":false},"author":1,"featured_media":1115,"comment_status":"closed","ping_status":"open","sticky":false,"template":"","format":"standard","meta":{"footnotes":""},"categories":[3],"tags":[],"class_list":["post-1117","post","type-post","status-publish","format-standard","has-post-thumbnail","hentry","category-livros"],"yoast_head":"<!-- This site is optimized with the Yoast SEO plugin v27.4 - https:\/\/yoast.com\/product\/yoast-seo-wordpress\/ -->\n<title>S\u00e9ries de Hatha Yoga: duas d\u00e9cadas de pr\u00e1tica - Ant\u00f4nio Jos\u00e9 Botelho<\/title>\n<meta name=\"robots\" content=\"noindex, follow\" \/>\n<meta property=\"og:locale\" content=\"pt_BR\" \/>\n<meta property=\"og:type\" content=\"article\" \/>\n<meta property=\"og:title\" content=\"S\u00e9ries de Hatha Yoga: duas d\u00e9cadas de pr\u00e1tica - Ant\u00f4nio Jos\u00e9 Botelho\" \/>\n<meta property=\"og:description\" content=\"Na juventude, as serpentes venenosas da audi\u00e7\u00e3o e da vis\u00e3o, do paladar, do toque e do olfato, fartaram-se com seus \u00f3rg\u00e3os vitais, acabaram com meu discernimento. Ai de mim! Meu cora\u00e7\u00e3o, privado do pensamento de Shiva, inflama-se de arrog\u00e2ncia&amp;orgulho! Assim sendo, \u00f3 Shiva! \u00f3 Mahadheva! \u00f3Shambho! perdoa-me, rogo-te pelas minhas transgress\u00f5es. Agora, na velhice, meus [&hellip;]\" \/>\n<meta property=\"og:url\" content=\"http:\/\/antoniojosebotelho.com.br\/br\/2025\/02\/01\/series-de-hatha-yoga-duas-decadas-de-pratica\/\" \/>\n<meta property=\"og:site_name\" content=\"Ant\u00f4nio Jos\u00e9 Botelho\" \/>\n<meta property=\"article:published_time\" content=\"2025-02-01T19:36:25+00:00\" \/>\n<meta property=\"article:modified_time\" content=\"2025-05-01T19:46:52+00:00\" \/>\n<meta property=\"og:image\" content=\"http:\/\/antoniojosebotelho.com.br\/br\/wp-content\/uploads\/2025\/02\/capa-series.png\" \/>\n\t<meta property=\"og:image:width\" content=\"990\" \/>\n\t<meta property=\"og:image:height\" content=\"1471\" \/>\n\t<meta property=\"og:image:type\" content=\"image\/png\" \/>\n<meta name=\"author\" content=\"abotelho\" \/>\n<meta name=\"twitter:card\" content=\"summary_large_image\" \/>\n<meta name=\"twitter:label1\" content=\"Escrito por\" \/>\n\t<meta name=\"twitter:data1\" content=\"abotelho\" \/>\n\t<meta name=\"twitter:label2\" content=\"Est. tempo de leitura\" \/>\n\t<meta name=\"twitter:data2\" content=\"2 minutos\" \/>\n<script type=\"application\/ld+json\" class=\"yoast-schema-graph\">{\"@context\":\"https:\\\/\\\/schema.org\",\"@graph\":[{\"@type\":\"Article\",\"@id\":\"http:\\\/\\\/antoniojosebotelho.com.br\\\/br\\\/2025\\\/02\\\/01\\\/series-de-hatha-yoga-duas-decadas-de-pratica\\\/#article\",\"isPartOf\":{\"@id\":\"http:\\\/\\\/antoniojosebotelho.com.br\\\/br\\\/2025\\\/02\\\/01\\\/series-de-hatha-yoga-duas-decadas-de-pratica\\\/\"},\"author\":{\"name\":\"abotelho\",\"@id\":\"http:\\\/\\\/antoniojosebotelho.com.br\\\/br\\\/#\\\/schema\\\/person\\\/43d740221d9216f49d857c5020d14dbc\"},\"headline\":\"S\u00e9ries de Hatha Yoga: duas d\u00e9cadas de pr\u00e1tica\",\"datePublished\":\"2025-02-01T19:36:25+00:00\",\"dateModified\":\"2025-05-01T19:46:52+00:00\",\"mainEntityOfPage\":{\"@id\":\"http:\\\/\\\/antoniojosebotelho.com.br\\\/br\\\/2025\\\/02\\\/01\\\/series-de-hatha-yoga-duas-decadas-de-pratica\\\/\"},\"wordCount\":184,\"publisher\":{\"@id\":\"http:\\\/\\\/antoniojosebotelho.com.br\\\/br\\\/#\\\/schema\\\/person\\\/43d740221d9216f49d857c5020d14dbc\"},\"image\":{\"@id\":\"http:\\\/\\\/antoniojosebotelho.com.br\\\/br\\\/2025\\\/02\\\/01\\\/series-de-hatha-yoga-duas-decadas-de-pratica\\\/#primaryimage\"},\"thumbnailUrl\":\"http:\\\/\\\/antoniojosebotelho.com.br\\\/br\\\/wp-content\\\/uploads\\\/2025\\\/02\\\/capa-series.png\",\"articleSection\":[\"Livros\"],\"inLanguage\":\"pt-BR\"},{\"@type\":\"WebPage\",\"@id\":\"http:\\\/\\\/antoniojosebotelho.com.br\\\/br\\\/2025\\\/02\\\/01\\\/series-de-hatha-yoga-duas-decadas-de-pratica\\\/\",\"url\":\"http:\\\/\\\/antoniojosebotelho.com.br\\\/br\\\/2025\\\/02\\\/01\\\/series-de-hatha-yoga-duas-decadas-de-pratica\\\/\",\"name\":\"S\u00e9ries de Hatha Yoga: duas d\u00e9cadas de pr\u00e1tica - Ant\u00f4nio Jos\u00e9 Botelho\",\"isPartOf\":{\"@id\":\"http:\\\/\\\/antoniojosebotelho.com.br\\\/br\\\/#website\"},\"primaryImageOfPage\":{\"@id\":\"http:\\\/\\\/antoniojosebotelho.com.br\\\/br\\\/2025\\\/02\\\/01\\\/series-de-hatha-yoga-duas-decadas-de-pratica\\\/#primaryimage\"},\"image\":{\"@id\":\"http:\\\/\\\/antoniojosebotelho.com.br\\\/br\\\/2025\\\/02\\\/01\\\/series-de-hatha-yoga-duas-decadas-de-pratica\\\/#primaryimage\"},\"thumbnailUrl\":\"http:\\\/\\\/antoniojosebotelho.com.br\\\/br\\\/wp-content\\\/uploads\\\/2025\\\/02\\\/capa-series.png\",\"datePublished\":\"2025-02-01T19:36:25+00:00\",\"dateModified\":\"2025-05-01T19:46:52+00:00\",\"breadcrumb\":{\"@id\":\"http:\\\/\\\/antoniojosebotelho.com.br\\\/br\\\/2025\\\/02\\\/01\\\/series-de-hatha-yoga-duas-decadas-de-pratica\\\/#breadcrumb\"},\"inLanguage\":\"pt-BR\",\"potentialAction\":[{\"@type\":\"ReadAction\",\"target\":[\"http:\\\/\\\/antoniojosebotelho.com.br\\\/br\\\/2025\\\/02\\\/01\\\/series-de-hatha-yoga-duas-decadas-de-pratica\\\/\"]}]},{\"@type\":\"ImageObject\",\"inLanguage\":\"pt-BR\",\"@id\":\"http:\\\/\\\/antoniojosebotelho.com.br\\\/br\\\/2025\\\/02\\\/01\\\/series-de-hatha-yoga-duas-decadas-de-pratica\\\/#primaryimage\",\"url\":\"http:\\\/\\\/antoniojosebotelho.com.br\\\/br\\\/wp-content\\\/uploads\\\/2025\\\/02\\\/capa-series.png\",\"contentUrl\":\"http:\\\/\\\/antoniojosebotelho.com.br\\\/br\\\/wp-content\\\/uploads\\\/2025\\\/02\\\/capa-series.png\",\"width\":990,\"height\":1471},{\"@type\":\"BreadcrumbList\",\"@id\":\"http:\\\/\\\/antoniojosebotelho.com.br\\\/br\\\/2025\\\/02\\\/01\\\/series-de-hatha-yoga-duas-decadas-de-pratica\\\/#breadcrumb\",\"itemListElement\":[{\"@type\":\"ListItem\",\"position\":1,\"name\":\"In\u00edcio\",\"item\":\"http:\\\/\\\/antoniojosebotelho.com.br\\\/br\\\/\"},{\"@type\":\"ListItem\",\"position\":2,\"name\":\"S\u00e9ries de Hatha Yoga: duas d\u00e9cadas de pr\u00e1tica\"}]},{\"@type\":\"WebSite\",\"@id\":\"http:\\\/\\\/antoniojosebotelho.com.br\\\/br\\\/#website\",\"url\":\"http:\\\/\\\/antoniojosebotelho.com.br\\\/br\\\/\",\"name\":\"Ant\u00f4nio Jos\u00e9 Botelho\",\"description\":\"Publica\u00e7\u00f5es e Artigos.\",\"publisher\":{\"@id\":\"http:\\\/\\\/antoniojosebotelho.com.br\\\/br\\\/#\\\/schema\\\/person\\\/43d740221d9216f49d857c5020d14dbc\"},\"potentialAction\":[{\"@type\":\"SearchAction\",\"target\":{\"@type\":\"EntryPoint\",\"urlTemplate\":\"http:\\\/\\\/antoniojosebotelho.com.br\\\/br\\\/?s={search_term_string}\"},\"query-input\":{\"@type\":\"PropertyValueSpecification\",\"valueRequired\":true,\"valueName\":\"search_term_string\"}}],\"inLanguage\":\"pt-BR\"},{\"@type\":[\"Person\",\"Organization\"],\"@id\":\"http:\\\/\\\/antoniojosebotelho.com.br\\\/br\\\/#\\\/schema\\\/person\\\/43d740221d9216f49d857c5020d14dbc\",\"name\":\"abotelho\",\"image\":{\"@type\":\"ImageObject\",\"inLanguage\":\"pt-BR\",\"@id\":\"http:\\\/\\\/antoniojosebotelho.com.br\\\/br\\\/wp-content\\\/uploads\\\/2019\\\/04\\\/img_capa-head2.png\",\"url\":\"http:\\\/\\\/antoniojosebotelho.com.br\\\/br\\\/wp-content\\\/uploads\\\/2019\\\/04\\\/img_capa-head2.png\",\"contentUrl\":\"http:\\\/\\\/antoniojosebotelho.com.br\\\/br\\\/wp-content\\\/uploads\\\/2019\\\/04\\\/img_capa-head2.png\",\"width\":240,\"height\":32,\"caption\":\"abotelho\"},\"logo\":{\"@id\":\"http:\\\/\\\/antoniojosebotelho.com.br\\\/br\\\/wp-content\\\/uploads\\\/2019\\\/04\\\/img_capa-head2.png\"}}]}<\/script>\n<!-- \/ Yoast SEO plugin. -->","yoast_head_json":{"title":"S\u00e9ries de Hatha Yoga: duas d\u00e9cadas de pr\u00e1tica - Ant\u00f4nio Jos\u00e9 Botelho","robots":{"index":"noindex","follow":"follow"},"og_locale":"pt_BR","og_type":"article","og_title":"S\u00e9ries de Hatha Yoga: duas d\u00e9cadas de pr\u00e1tica - Ant\u00f4nio Jos\u00e9 Botelho","og_description":"Na juventude, as serpentes venenosas da audi\u00e7\u00e3o e da vis\u00e3o, do paladar, do toque e do olfato, fartaram-se com seus \u00f3rg\u00e3os vitais, acabaram com meu discernimento. Ai de mim! Meu cora\u00e7\u00e3o, privado do pensamento de Shiva, inflama-se de arrog\u00e2ncia&amp;orgulho! Assim sendo, \u00f3 Shiva! \u00f3 Mahadheva! \u00f3Shambho! perdoa-me, rogo-te pelas minhas transgress\u00f5es. Agora, na velhice, meus [&hellip;]","og_url":"http:\/\/antoniojosebotelho.com.br\/br\/2025\/02\/01\/series-de-hatha-yoga-duas-decadas-de-pratica\/","og_site_name":"Ant\u00f4nio Jos\u00e9 Botelho","article_published_time":"2025-02-01T19:36:25+00:00","article_modified_time":"2025-05-01T19:46:52+00:00","og_image":[{"width":990,"height":1471,"url":"http:\/\/antoniojosebotelho.com.br\/br\/wp-content\/uploads\/2025\/02\/capa-series.png","type":"image\/png"}],"author":"abotelho","twitter_card":"summary_large_image","twitter_misc":{"Escrito por":"abotelho","Est. tempo de leitura":"2 minutos"},"schema":{"@context":"https:\/\/schema.org","@graph":[{"@type":"Article","@id":"http:\/\/antoniojosebotelho.com.br\/br\/2025\/02\/01\/series-de-hatha-yoga-duas-decadas-de-pratica\/#article","isPartOf":{"@id":"http:\/\/antoniojosebotelho.com.br\/br\/2025\/02\/01\/series-de-hatha-yoga-duas-decadas-de-pratica\/"},"author":{"name":"abotelho","@id":"http:\/\/antoniojosebotelho.com.br\/br\/#\/schema\/person\/43d740221d9216f49d857c5020d14dbc"},"headline":"S\u00e9ries de Hatha Yoga: duas d\u00e9cadas de pr\u00e1tica","datePublished":"2025-02-01T19:36:25+00:00","dateModified":"2025-05-01T19:46:52+00:00","mainEntityOfPage":{"@id":"http:\/\/antoniojosebotelho.com.br\/br\/2025\/02\/01\/series-de-hatha-yoga-duas-decadas-de-pratica\/"},"wordCount":184,"publisher":{"@id":"http:\/\/antoniojosebotelho.com.br\/br\/#\/schema\/person\/43d740221d9216f49d857c5020d14dbc"},"image":{"@id":"http:\/\/antoniojosebotelho.com.br\/br\/2025\/02\/01\/series-de-hatha-yoga-duas-decadas-de-pratica\/#primaryimage"},"thumbnailUrl":"http:\/\/antoniojosebotelho.com.br\/br\/wp-content\/uploads\/2025\/02\/capa-series.png","articleSection":["Livros"],"inLanguage":"pt-BR"},{"@type":"WebPage","@id":"http:\/\/antoniojosebotelho.com.br\/br\/2025\/02\/01\/series-de-hatha-yoga-duas-decadas-de-pratica\/","url":"http:\/\/antoniojosebotelho.com.br\/br\/2025\/02\/01\/series-de-hatha-yoga-duas-decadas-de-pratica\/","name":"S\u00e9ries de Hatha Yoga: duas d\u00e9cadas de pr\u00e1tica - Ant\u00f4nio Jos\u00e9 Botelho","isPartOf":{"@id":"http:\/\/antoniojosebotelho.com.br\/br\/#website"},"primaryImageOfPage":{"@id":"http:\/\/antoniojosebotelho.com.br\/br\/2025\/02\/01\/series-de-hatha-yoga-duas-decadas-de-pratica\/#primaryimage"},"image":{"@id":"http:\/\/antoniojosebotelho.com.br\/br\/2025\/02\/01\/series-de-hatha-yoga-duas-decadas-de-pratica\/#primaryimage"},"thumbnailUrl":"http:\/\/antoniojosebotelho.com.br\/br\/wp-content\/uploads\/2025\/02\/capa-series.png","datePublished":"2025-02-01T19:36:25+00:00","dateModified":"2025-05-01T19:46:52+00:00","breadcrumb":{"@id":"http:\/\/antoniojosebotelho.com.br\/br\/2025\/02\/01\/series-de-hatha-yoga-duas-decadas-de-pratica\/#breadcrumb"},"inLanguage":"pt-BR","potentialAction":[{"@type":"ReadAction","target":["http:\/\/antoniojosebotelho.com.br\/br\/2025\/02\/01\/series-de-hatha-yoga-duas-decadas-de-pratica\/"]}]},{"@type":"ImageObject","inLanguage":"pt-BR","@id":"http:\/\/antoniojosebotelho.com.br\/br\/2025\/02\/01\/series-de-hatha-yoga-duas-decadas-de-pratica\/#primaryimage","url":"http:\/\/antoniojosebotelho.com.br\/br\/wp-content\/uploads\/2025\/02\/capa-series.png","contentUrl":"http:\/\/antoniojosebotelho.com.br\/br\/wp-content\/uploads\/2025\/02\/capa-series.png","width":990,"height":1471},{"@type":"BreadcrumbList","@id":"http:\/\/antoniojosebotelho.com.br\/br\/2025\/02\/01\/series-de-hatha-yoga-duas-decadas-de-pratica\/#breadcrumb","itemListElement":[{"@type":"ListItem","position":1,"name":"In\u00edcio","item":"http:\/\/antoniojosebotelho.com.br\/br\/"},{"@type":"ListItem","position":2,"name":"S\u00e9ries de Hatha Yoga: duas d\u00e9cadas de pr\u00e1tica"}]},{"@type":"WebSite","@id":"http:\/\/antoniojosebotelho.com.br\/br\/#website","url":"http:\/\/antoniojosebotelho.com.br\/br\/","name":"Ant\u00f4nio Jos\u00e9 Botelho","description":"Publica\u00e7\u00f5es e Artigos.","publisher":{"@id":"http:\/\/antoniojosebotelho.com.br\/br\/#\/schema\/person\/43d740221d9216f49d857c5020d14dbc"},"potentialAction":[{"@type":"SearchAction","target":{"@type":"EntryPoint","urlTemplate":"http:\/\/antoniojosebotelho.com.br\/br\/?s={search_term_string}"},"query-input":{"@type":"PropertyValueSpecification","valueRequired":true,"valueName":"search_term_string"}}],"inLanguage":"pt-BR"},{"@type":["Person","Organization"],"@id":"http:\/\/antoniojosebotelho.com.br\/br\/#\/schema\/person\/43d740221d9216f49d857c5020d14dbc","name":"abotelho","image":{"@type":"ImageObject","inLanguage":"pt-BR","@id":"http:\/\/antoniojosebotelho.com.br\/br\/wp-content\/uploads\/2019\/04\/img_capa-head2.png","url":"http:\/\/antoniojosebotelho.com.br\/br\/wp-content\/uploads\/2019\/04\/img_capa-head2.png","contentUrl":"http:\/\/antoniojosebotelho.com.br\/br\/wp-content\/uploads\/2019\/04\/img_capa-head2.png","width":240,"height":32,"caption":"abotelho"},"logo":{"@id":"http:\/\/antoniojosebotelho.com.br\/br\/wp-content\/uploads\/2019\/04\/img_capa-head2.png"}}]}},"_links":{"self":[{"href":"http:\/\/antoniojosebotelho.com.br\/br\/wp-json\/wp\/v2\/posts\/1117","targetHints":{"allow":["GET"]}}],"collection":[{"href":"http:\/\/antoniojosebotelho.com.br\/br\/wp-json\/wp\/v2\/posts"}],"about":[{"href":"http:\/\/antoniojosebotelho.com.br\/br\/wp-json\/wp\/v2\/types\/post"}],"author":[{"embeddable":true,"href":"http:\/\/antoniojosebotelho.com.br\/br\/wp-json\/wp\/v2\/users\/1"}],"replies":[{"embeddable":true,"href":"http:\/\/antoniojosebotelho.com.br\/br\/wp-json\/wp\/v2\/comments?post=1117"}],"version-history":[{"count":2,"href":"http:\/\/antoniojosebotelho.com.br\/br\/wp-json\/wp\/v2\/posts\/1117\/revisions"}],"predecessor-version":[{"id":1121,"href":"http:\/\/antoniojosebotelho.com.br\/br\/wp-json\/wp\/v2\/posts\/1117\/revisions\/1121"}],"wp:featuredmedia":[{"embeddable":true,"href":"http:\/\/antoniojosebotelho.com.br\/br\/wp-json\/wp\/v2\/media\/1115"}],"wp:attachment":[{"href":"http:\/\/antoniojosebotelho.com.br\/br\/wp-json\/wp\/v2\/media?parent=1117"}],"wp:term":[{"taxonomy":"category","embeddable":true,"href":"http:\/\/antoniojosebotelho.com.br\/br\/wp-json\/wp\/v2\/categories?post=1117"},{"taxonomy":"post_tag","embeddable":true,"href":"http:\/\/antoniojosebotelho.com.br\/br\/wp-json\/wp\/v2\/tags?post=1117"}],"curies":[{"name":"wp","href":"https:\/\/api.w.org\/{rel}","templated":true}]}}