{"id":114,"date":"2019-05-12T02:13:20","date_gmt":"2019-05-12T02:13:20","guid":{"rendered":"http:\/\/antoniojosebotelho.com.br\/br\/?p=114"},"modified":"2020-02-03T22:30:41","modified_gmt":"2020-02-04T02:30:41","slug":"toques-anarquistas-contribuicao-para-uma-visao-de-mundo-alternativa","status":"publish","type":"post","link":"http:\/\/antoniojosebotelho.com.br\/br\/2019\/05\/12\/toques-anarquistas-contribuicao-para-uma-visao-de-mundo-alternativa\/","title":{"rendered":"Toques anarquistas: contribui\u00e7\u00e3o para uma vis\u00e3o de mundo alternativa"},"content":{"rendered":"\n<p>Ant\u00f4nio Jos\u00e9 Botelho, homem \u00edmpar por sua intelig\u00eancia e obstina\u00e7\u00e3o em fazer pol\u00edtica do ponto de vista da a\u00e7\u00e3o e de sua an\u00e1lise hist\u00f3rica, neste seu segundo Livro, analisa, de forma interessante e com muita profundidade, v\u00e1rias obras importantes no cen\u00e1rio da hist\u00f3ria do anarquismo, nos colocando, como possibilidade, na medida em que vislumbra um futuro onde o homem poder\u00e1 se relacionar econ\u00f4mica, pol\u00edtica e socialmente de forma presente, aut\u00f4noma, por n\u00e3o haverem monop\u00f3lios ou grandes centros subjugando pequenos na ci\u00eancia, na tecnologia, ou nas a\u00e7\u00f5es pol\u00edticas nacionais e internacionais.<\/p>\n\n\n\n<p>Princ\u00edpios como a coopera\u00e7\u00e3o poder\u00e3o despontar estabelecendo liames entre diferentes regi\u00f5es ou at\u00e9 mesmo continentes, visualizando uma proposta de universalidade, pois, neste momento, vemos que a ci\u00eancia, a tecnologia e o conhecimento n\u00e3o s\u00e3o t\u00e3o esclarecedores da consci\u00eancia como se cr\u00ea. S\u00e3o elucidativos, mas n\u00e3o promovem o crescimento de todos.<\/p>\n\n\n\n<p>A reflex\u00e3o que o Autor nos convida a fazer e da qual n\u00e3o podemos nos eximir se quisermos, hoje, pensar nas rela\u00e7\u00f5es s\u00f3cio-econ\u00f4mico-pol\u00edticas n\u00e3o nos servindo delas como instrumento de domina\u00e7\u00e3o, pois esta cuidadosa pesquisa e criteriosa an\u00e1lise nos permite acompanhar a hist\u00f3ria, porque n\u00e3o se constitui apenas em jogos te\u00f3ricos, contemplativos, mas din\u00e2micos e cont\u00ednuos confrontos discursivos onde diferentes autores, a partir dos seus pontos de vista, nos trazem o fato de vivermos dentro de uma vis\u00e3o puramente ideol\u00f3gica, uma vez que a vida \u00e9 feita de valores n\u00e3o efetivados, na realidade social. O objetivo \u00e9 manter intacto determinado ordenamento nas rela\u00e7\u00f5es sociais, permeado por um elevado grau de poder que homens infringem a outros homens, num processo perverso de explora\u00e7\u00e3o e domina\u00e7\u00e3o.<\/p>\n\n\n\n<p>Este Livro merece leitura atenta e minuciosa porque prop\u00f5e a uma reflex\u00e3o s\u00e9ria que nos leva a valorizar a solidariedade consciente como novo ponto de refer\u00eancia.<\/p>\n\n\n\n<p><\/p>\n\n\n\n<p><em><br>Prof . Dra. Jussar\u00e1 Lummertz, em dezembro de 1996!<\/em><\/p>\n\n\n\n<p>\u00a0<\/p>\n\n\n\n<p><a href=\"http:\/\/antoniojosebotelho.com.br\/br\/wp-content\/uploads\/2020\/02\/PLIVRO18.pdf\" target=\"_blank\" rel=\"noreferrer noopener\" aria-label=\"Acesse este livro em PDF. Acesse aqui (abre numa nova aba)\">Acesse este livro em PDF. Acesse aqui<\/a>.<\/p>\n","protected":false},"excerpt":{"rendered":"<p>Ant\u00f4nio Jos\u00e9 Botelho, homem \u00edmpar por sua intelig\u00eancia e obstina\u00e7\u00e3o em fazer pol\u00edtica do ponto de vista da a\u00e7\u00e3o e de sua an\u00e1lise hist\u00f3rica, neste seu segundo Livro, analisa, de forma interessante e com muita profundidade, v\u00e1rias obras importantes no cen\u00e1rio da hist\u00f3ria do anarquismo, nos colocando, como possibilidade, na medida em que vislumbra um [&hellip;]<\/p>\n","protected":false},"author":1,"featured_media":85,"comment_status":"closed","ping_status":"open","sticky":false,"template":"","format":"standard","meta":{"footnotes":""},"categories":[3],"tags":[],"class_list":["post-114","post","type-post","status-publish","format-standard","has-post-thumbnail","hentry","category-livros"],"yoast_head":"<!-- This site is optimized with the Yoast SEO plugin v27.4 - https:\/\/yoast.com\/product\/yoast-seo-wordpress\/ -->\n<title>Toques anarquistas: contribui\u00e7\u00e3o para uma vis\u00e3o de mundo alternativa - Ant\u00f4nio Jos\u00e9 Botelho<\/title>\n<meta name=\"robots\" content=\"noindex, follow\" \/>\n<meta property=\"og:locale\" content=\"pt_BR\" \/>\n<meta property=\"og:type\" content=\"article\" \/>\n<meta property=\"og:title\" content=\"Toques anarquistas: contribui\u00e7\u00e3o para uma vis\u00e3o de mundo alternativa - Ant\u00f4nio Jos\u00e9 Botelho\" \/>\n<meta property=\"og:description\" content=\"Ant\u00f4nio Jos\u00e9 Botelho, homem \u00edmpar por sua intelig\u00eancia e obstina\u00e7\u00e3o em fazer pol\u00edtica do ponto de vista da a\u00e7\u00e3o e de sua an\u00e1lise hist\u00f3rica, neste seu segundo Livro, analisa, de forma interessante e com muita profundidade, v\u00e1rias obras importantes no cen\u00e1rio da hist\u00f3ria do anarquismo, nos colocando, como possibilidade, na medida em que vislumbra um [&hellip;]\" \/>\n<meta property=\"og:url\" content=\"https:\/\/antoniojosebotelho.com.br\/br\/2019\/05\/12\/toques-anarquistas-contribuicao-para-uma-visao-de-mundo-alternativa\/\" \/>\n<meta property=\"og:site_name\" content=\"Ant\u00f4nio Jos\u00e9 Botelho\" \/>\n<meta property=\"article:published_time\" content=\"2019-05-12T02:13:20+00:00\" \/>\n<meta property=\"article:modified_time\" content=\"2020-02-04T02:30:41+00:00\" \/>\n<meta property=\"og:image\" content=\"https:\/\/antoniojosebotelho.com.br\/br\/wp-content\/uploads\/2019\/05\/1997_toques-anarquistas.png\" \/>\n\t<meta property=\"og:image:width\" content=\"577\" \/>\n\t<meta property=\"og:image:height\" content=\"812\" \/>\n\t<meta property=\"og:image:type\" content=\"image\/png\" \/>\n<meta name=\"author\" content=\"abotelho\" \/>\n<meta name=\"twitter:card\" content=\"summary_large_image\" \/>\n<meta name=\"twitter:label1\" content=\"Escrito por\" \/>\n\t<meta name=\"twitter:data1\" content=\"abotelho\" \/>\n\t<meta name=\"twitter:label2\" content=\"Est. tempo de leitura\" \/>\n\t<meta name=\"twitter:data2\" content=\"2 minutos\" \/>\n<script type=\"application\/ld+json\" class=\"yoast-schema-graph\">{\"@context\":\"https:\\\/\\\/schema.org\",\"@graph\":[{\"@type\":\"Article\",\"@id\":\"https:\\\/\\\/antoniojosebotelho.com.br\\\/br\\\/2019\\\/05\\\/12\\\/toques-anarquistas-contribuicao-para-uma-visao-de-mundo-alternativa\\\/#article\",\"isPartOf\":{\"@id\":\"https:\\\/\\\/antoniojosebotelho.com.br\\\/br\\\/2019\\\/05\\\/12\\\/toques-anarquistas-contribuicao-para-uma-visao-de-mundo-alternativa\\\/\"},\"author\":{\"name\":\"abotelho\",\"@id\":\"http:\\\/\\\/antoniojosebotelho.com.br\\\/br\\\/#\\\/schema\\\/person\\\/43d740221d9216f49d857c5020d14dbc\"},\"headline\":\"Toques anarquistas: contribui\u00e7\u00e3o para uma vis\u00e3o de mundo alternativa\",\"datePublished\":\"2019-05-12T02:13:20+00:00\",\"dateModified\":\"2020-02-04T02:30:41+00:00\",\"mainEntityOfPage\":{\"@id\":\"https:\\\/\\\/antoniojosebotelho.com.br\\\/br\\\/2019\\\/05\\\/12\\\/toques-anarquistas-contribuicao-para-uma-visao-de-mundo-alternativa\\\/\"},\"wordCount\":366,\"publisher\":{\"@id\":\"http:\\\/\\\/antoniojosebotelho.com.br\\\/br\\\/#\\\/schema\\\/person\\\/43d740221d9216f49d857c5020d14dbc\"},\"image\":{\"@id\":\"https:\\\/\\\/antoniojosebotelho.com.br\\\/br\\\/2019\\\/05\\\/12\\\/toques-anarquistas-contribuicao-para-uma-visao-de-mundo-alternativa\\\/#primaryimage\"},\"thumbnailUrl\":\"http:\\\/\\\/antoniojosebotelho.com.br\\\/br\\\/wp-content\\\/uploads\\\/2019\\\/05\\\/1997_toques-anarquistas.png\",\"articleSection\":[\"Livros\"],\"inLanguage\":\"pt-BR\"},{\"@type\":\"WebPage\",\"@id\":\"https:\\\/\\\/antoniojosebotelho.com.br\\\/br\\\/2019\\\/05\\\/12\\\/toques-anarquistas-contribuicao-para-uma-visao-de-mundo-alternativa\\\/\",\"url\":\"https:\\\/\\\/antoniojosebotelho.com.br\\\/br\\\/2019\\\/05\\\/12\\\/toques-anarquistas-contribuicao-para-uma-visao-de-mundo-alternativa\\\/\",\"name\":\"Toques anarquistas: contribui\u00e7\u00e3o para uma vis\u00e3o de mundo alternativa - Ant\u00f4nio Jos\u00e9 Botelho\",\"isPartOf\":{\"@id\":\"http:\\\/\\\/antoniojosebotelho.com.br\\\/br\\\/#website\"},\"primaryImageOfPage\":{\"@id\":\"https:\\\/\\\/antoniojosebotelho.com.br\\\/br\\\/2019\\\/05\\\/12\\\/toques-anarquistas-contribuicao-para-uma-visao-de-mundo-alternativa\\\/#primaryimage\"},\"image\":{\"@id\":\"https:\\\/\\\/antoniojosebotelho.com.br\\\/br\\\/2019\\\/05\\\/12\\\/toques-anarquistas-contribuicao-para-uma-visao-de-mundo-alternativa\\\/#primaryimage\"},\"thumbnailUrl\":\"http:\\\/\\\/antoniojosebotelho.com.br\\\/br\\\/wp-content\\\/uploads\\\/2019\\\/05\\\/1997_toques-anarquistas.png\",\"datePublished\":\"2019-05-12T02:13:20+00:00\",\"dateModified\":\"2020-02-04T02:30:41+00:00\",\"breadcrumb\":{\"@id\":\"https:\\\/\\\/antoniojosebotelho.com.br\\\/br\\\/2019\\\/05\\\/12\\\/toques-anarquistas-contribuicao-para-uma-visao-de-mundo-alternativa\\\/#breadcrumb\"},\"inLanguage\":\"pt-BR\",\"potentialAction\":[{\"@type\":\"ReadAction\",\"target\":[\"https:\\\/\\\/antoniojosebotelho.com.br\\\/br\\\/2019\\\/05\\\/12\\\/toques-anarquistas-contribuicao-para-uma-visao-de-mundo-alternativa\\\/\"]}]},{\"@type\":\"ImageObject\",\"inLanguage\":\"pt-BR\",\"@id\":\"https:\\\/\\\/antoniojosebotelho.com.br\\\/br\\\/2019\\\/05\\\/12\\\/toques-anarquistas-contribuicao-para-uma-visao-de-mundo-alternativa\\\/#primaryimage\",\"url\":\"http:\\\/\\\/antoniojosebotelho.com.br\\\/br\\\/wp-content\\\/uploads\\\/2019\\\/05\\\/1997_toques-anarquistas.png\",\"contentUrl\":\"http:\\\/\\\/antoniojosebotelho.com.br\\\/br\\\/wp-content\\\/uploads\\\/2019\\\/05\\\/1997_toques-anarquistas.png\",\"width\":577,\"height\":812},{\"@type\":\"BreadcrumbList\",\"@id\":\"https:\\\/\\\/antoniojosebotelho.com.br\\\/br\\\/2019\\\/05\\\/12\\\/toques-anarquistas-contribuicao-para-uma-visao-de-mundo-alternativa\\\/#breadcrumb\",\"itemListElement\":[{\"@type\":\"ListItem\",\"position\":1,\"name\":\"In\u00edcio\",\"item\":\"http:\\\/\\\/antoniojosebotelho.com.br\\\/br\\\/\"},{\"@type\":\"ListItem\",\"position\":2,\"name\":\"Toques anarquistas: contribui\u00e7\u00e3o para uma vis\u00e3o de mundo alternativa\"}]},{\"@type\":\"WebSite\",\"@id\":\"http:\\\/\\\/antoniojosebotelho.com.br\\\/br\\\/#website\",\"url\":\"http:\\\/\\\/antoniojosebotelho.com.br\\\/br\\\/\",\"name\":\"Ant\u00f4nio Jos\u00e9 Botelho\",\"description\":\"Publica\u00e7\u00f5es e Artigos.\",\"publisher\":{\"@id\":\"http:\\\/\\\/antoniojosebotelho.com.br\\\/br\\\/#\\\/schema\\\/person\\\/43d740221d9216f49d857c5020d14dbc\"},\"potentialAction\":[{\"@type\":\"SearchAction\",\"target\":{\"@type\":\"EntryPoint\",\"urlTemplate\":\"http:\\\/\\\/antoniojosebotelho.com.br\\\/br\\\/?s={search_term_string}\"},\"query-input\":{\"@type\":\"PropertyValueSpecification\",\"valueRequired\":true,\"valueName\":\"search_term_string\"}}],\"inLanguage\":\"pt-BR\"},{\"@type\":[\"Person\",\"Organization\"],\"@id\":\"http:\\\/\\\/antoniojosebotelho.com.br\\\/br\\\/#\\\/schema\\\/person\\\/43d740221d9216f49d857c5020d14dbc\",\"name\":\"abotelho\",\"image\":{\"@type\":\"ImageObject\",\"inLanguage\":\"pt-BR\",\"@id\":\"http:\\\/\\\/antoniojosebotelho.com.br\\\/br\\\/wp-content\\\/uploads\\\/2019\\\/04\\\/img_capa-head2.png\",\"url\":\"http:\\\/\\\/antoniojosebotelho.com.br\\\/br\\\/wp-content\\\/uploads\\\/2019\\\/04\\\/img_capa-head2.png\",\"contentUrl\":\"http:\\\/\\\/antoniojosebotelho.com.br\\\/br\\\/wp-content\\\/uploads\\\/2019\\\/04\\\/img_capa-head2.png\",\"width\":240,\"height\":32,\"caption\":\"abotelho\"},\"logo\":{\"@id\":\"http:\\\/\\\/antoniojosebotelho.com.br\\\/br\\\/wp-content\\\/uploads\\\/2019\\\/04\\\/img_capa-head2.png\"}}]}<\/script>\n<!-- \/ Yoast SEO plugin. -->","yoast_head_json":{"title":"Toques anarquistas: contribui\u00e7\u00e3o para uma vis\u00e3o de mundo alternativa - Ant\u00f4nio Jos\u00e9 Botelho","robots":{"index":"noindex","follow":"follow"},"og_locale":"pt_BR","og_type":"article","og_title":"Toques anarquistas: contribui\u00e7\u00e3o para uma vis\u00e3o de mundo alternativa - Ant\u00f4nio Jos\u00e9 Botelho","og_description":"Ant\u00f4nio Jos\u00e9 Botelho, homem \u00edmpar por sua intelig\u00eancia e obstina\u00e7\u00e3o em fazer pol\u00edtica do ponto de vista da a\u00e7\u00e3o e de sua an\u00e1lise hist\u00f3rica, neste seu segundo Livro, analisa, de forma interessante e com muita profundidade, v\u00e1rias obras importantes no cen\u00e1rio da hist\u00f3ria do anarquismo, nos colocando, como possibilidade, na medida em que vislumbra um [&hellip;]","og_url":"https:\/\/antoniojosebotelho.com.br\/br\/2019\/05\/12\/toques-anarquistas-contribuicao-para-uma-visao-de-mundo-alternativa\/","og_site_name":"Ant\u00f4nio Jos\u00e9 Botelho","article_published_time":"2019-05-12T02:13:20+00:00","article_modified_time":"2020-02-04T02:30:41+00:00","og_image":[{"width":577,"height":812,"url":"https:\/\/antoniojosebotelho.com.br\/br\/wp-content\/uploads\/2019\/05\/1997_toques-anarquistas.png","type":"image\/png"}],"author":"abotelho","twitter_card":"summary_large_image","twitter_misc":{"Escrito por":"abotelho","Est. tempo de leitura":"2 minutos"},"schema":{"@context":"https:\/\/schema.org","@graph":[{"@type":"Article","@id":"https:\/\/antoniojosebotelho.com.br\/br\/2019\/05\/12\/toques-anarquistas-contribuicao-para-uma-visao-de-mundo-alternativa\/#article","isPartOf":{"@id":"https:\/\/antoniojosebotelho.com.br\/br\/2019\/05\/12\/toques-anarquistas-contribuicao-para-uma-visao-de-mundo-alternativa\/"},"author":{"name":"abotelho","@id":"http:\/\/antoniojosebotelho.com.br\/br\/#\/schema\/person\/43d740221d9216f49d857c5020d14dbc"},"headline":"Toques anarquistas: contribui\u00e7\u00e3o para uma vis\u00e3o de mundo alternativa","datePublished":"2019-05-12T02:13:20+00:00","dateModified":"2020-02-04T02:30:41+00:00","mainEntityOfPage":{"@id":"https:\/\/antoniojosebotelho.com.br\/br\/2019\/05\/12\/toques-anarquistas-contribuicao-para-uma-visao-de-mundo-alternativa\/"},"wordCount":366,"publisher":{"@id":"http:\/\/antoniojosebotelho.com.br\/br\/#\/schema\/person\/43d740221d9216f49d857c5020d14dbc"},"image":{"@id":"https:\/\/antoniojosebotelho.com.br\/br\/2019\/05\/12\/toques-anarquistas-contribuicao-para-uma-visao-de-mundo-alternativa\/#primaryimage"},"thumbnailUrl":"http:\/\/antoniojosebotelho.com.br\/br\/wp-content\/uploads\/2019\/05\/1997_toques-anarquistas.png","articleSection":["Livros"],"inLanguage":"pt-BR"},{"@type":"WebPage","@id":"https:\/\/antoniojosebotelho.com.br\/br\/2019\/05\/12\/toques-anarquistas-contribuicao-para-uma-visao-de-mundo-alternativa\/","url":"https:\/\/antoniojosebotelho.com.br\/br\/2019\/05\/12\/toques-anarquistas-contribuicao-para-uma-visao-de-mundo-alternativa\/","name":"Toques anarquistas: contribui\u00e7\u00e3o para uma vis\u00e3o de mundo alternativa - Ant\u00f4nio Jos\u00e9 Botelho","isPartOf":{"@id":"http:\/\/antoniojosebotelho.com.br\/br\/#website"},"primaryImageOfPage":{"@id":"https:\/\/antoniojosebotelho.com.br\/br\/2019\/05\/12\/toques-anarquistas-contribuicao-para-uma-visao-de-mundo-alternativa\/#primaryimage"},"image":{"@id":"https:\/\/antoniojosebotelho.com.br\/br\/2019\/05\/12\/toques-anarquistas-contribuicao-para-uma-visao-de-mundo-alternativa\/#primaryimage"},"thumbnailUrl":"http:\/\/antoniojosebotelho.com.br\/br\/wp-content\/uploads\/2019\/05\/1997_toques-anarquistas.png","datePublished":"2019-05-12T02:13:20+00:00","dateModified":"2020-02-04T02:30:41+00:00","breadcrumb":{"@id":"https:\/\/antoniojosebotelho.com.br\/br\/2019\/05\/12\/toques-anarquistas-contribuicao-para-uma-visao-de-mundo-alternativa\/#breadcrumb"},"inLanguage":"pt-BR","potentialAction":[{"@type":"ReadAction","target":["https:\/\/antoniojosebotelho.com.br\/br\/2019\/05\/12\/toques-anarquistas-contribuicao-para-uma-visao-de-mundo-alternativa\/"]}]},{"@type":"ImageObject","inLanguage":"pt-BR","@id":"https:\/\/antoniojosebotelho.com.br\/br\/2019\/05\/12\/toques-anarquistas-contribuicao-para-uma-visao-de-mundo-alternativa\/#primaryimage","url":"http:\/\/antoniojosebotelho.com.br\/br\/wp-content\/uploads\/2019\/05\/1997_toques-anarquistas.png","contentUrl":"http:\/\/antoniojosebotelho.com.br\/br\/wp-content\/uploads\/2019\/05\/1997_toques-anarquistas.png","width":577,"height":812},{"@type":"BreadcrumbList","@id":"https:\/\/antoniojosebotelho.com.br\/br\/2019\/05\/12\/toques-anarquistas-contribuicao-para-uma-visao-de-mundo-alternativa\/#breadcrumb","itemListElement":[{"@type":"ListItem","position":1,"name":"In\u00edcio","item":"http:\/\/antoniojosebotelho.com.br\/br\/"},{"@type":"ListItem","position":2,"name":"Toques anarquistas: contribui\u00e7\u00e3o para uma vis\u00e3o de mundo alternativa"}]},{"@type":"WebSite","@id":"http:\/\/antoniojosebotelho.com.br\/br\/#website","url":"http:\/\/antoniojosebotelho.com.br\/br\/","name":"Ant\u00f4nio Jos\u00e9 Botelho","description":"Publica\u00e7\u00f5es e Artigos.","publisher":{"@id":"http:\/\/antoniojosebotelho.com.br\/br\/#\/schema\/person\/43d740221d9216f49d857c5020d14dbc"},"potentialAction":[{"@type":"SearchAction","target":{"@type":"EntryPoint","urlTemplate":"http:\/\/antoniojosebotelho.com.br\/br\/?s={search_term_string}"},"query-input":{"@type":"PropertyValueSpecification","valueRequired":true,"valueName":"search_term_string"}}],"inLanguage":"pt-BR"},{"@type":["Person","Organization"],"@id":"http:\/\/antoniojosebotelho.com.br\/br\/#\/schema\/person\/43d740221d9216f49d857c5020d14dbc","name":"abotelho","image":{"@type":"ImageObject","inLanguage":"pt-BR","@id":"http:\/\/antoniojosebotelho.com.br\/br\/wp-content\/uploads\/2019\/04\/img_capa-head2.png","url":"http:\/\/antoniojosebotelho.com.br\/br\/wp-content\/uploads\/2019\/04\/img_capa-head2.png","contentUrl":"http:\/\/antoniojosebotelho.com.br\/br\/wp-content\/uploads\/2019\/04\/img_capa-head2.png","width":240,"height":32,"caption":"abotelho"},"logo":{"@id":"http:\/\/antoniojosebotelho.com.br\/br\/wp-content\/uploads\/2019\/04\/img_capa-head2.png"}}]}},"_links":{"self":[{"href":"http:\/\/antoniojosebotelho.com.br\/br\/wp-json\/wp\/v2\/posts\/114","targetHints":{"allow":["GET"]}}],"collection":[{"href":"http:\/\/antoniojosebotelho.com.br\/br\/wp-json\/wp\/v2\/posts"}],"about":[{"href":"http:\/\/antoniojosebotelho.com.br\/br\/wp-json\/wp\/v2\/types\/post"}],"author":[{"embeddable":true,"href":"http:\/\/antoniojosebotelho.com.br\/br\/wp-json\/wp\/v2\/users\/1"}],"replies":[{"embeddable":true,"href":"http:\/\/antoniojosebotelho.com.br\/br\/wp-json\/wp\/v2\/comments?post=114"}],"version-history":[{"count":5,"href":"http:\/\/antoniojosebotelho.com.br\/br\/wp-json\/wp\/v2\/posts\/114\/revisions"}],"predecessor-version":[{"id":932,"href":"http:\/\/antoniojosebotelho.com.br\/br\/wp-json\/wp\/v2\/posts\/114\/revisions\/932"}],"wp:featuredmedia":[{"embeddable":true,"href":"http:\/\/antoniojosebotelho.com.br\/br\/wp-json\/wp\/v2\/media\/85"}],"wp:attachment":[{"href":"http:\/\/antoniojosebotelho.com.br\/br\/wp-json\/wp\/v2\/media?parent=114"}],"wp:term":[{"taxonomy":"category","embeddable":true,"href":"http:\/\/antoniojosebotelho.com.br\/br\/wp-json\/wp\/v2\/categories?post=114"},{"taxonomy":"post_tag","embeddable":true,"href":"http:\/\/antoniojosebotelho.com.br\/br\/wp-json\/wp\/v2\/tags?post=114"}],"curies":[{"name":"wp","href":"https:\/\/api.w.org\/{rel}","templated":true}]}}