{"id":117,"date":"2019-05-12T02:15:15","date_gmt":"2019-05-12T02:15:15","guid":{"rendered":"http:\/\/antoniojosebotelho.com.br\/br\/?p=117"},"modified":"2020-02-20T10:12:23","modified_gmt":"2020-02-20T14:12:23","slug":"projeto-zfm-vetor-de-interiorizacao-ampliado","status":"publish","type":"post","link":"http:\/\/antoniojosebotelho.com.br\/br\/2019\/05\/12\/projeto-zfm-vetor-de-interiorizacao-ampliado\/","title":{"rendered":"Projeto ZFM: vetor de interioriza\u00e7\u00e3o ampliado!"},"content":{"rendered":"\n<p>PREF\u00c1CIO<\/p>\n\n\n\n<p>Este livro enfeixa a disserta\u00e7\u00e3o de mestrado do professor Ant\u00f4nio Jos\u00e9 Botelho no programa de Engenharia de Produ\u00e7\u00e3o da Universidade do Amazonas. Rico em informa\u00e7\u00f5es estat\u00edsticas e refer\u00eancias a textos legais, sua primeira parte constitui um valioso reposit\u00f3rio de dados, de grande utilidade para quantos pretendem conhecer o p\u00f3lo de desenvolvimento da Zona Franca de Manaus.<\/p>\n\n\n\n<p>Mais importantes, por\u00e9m, s\u00e3o os cap\u00edtulos seguintes, nos quais o autor, a partir da constata\u00e7\u00e3o de que os efeitos da ZFM se concentram em Manaus, defende a tese de que a sua interioriza\u00e7\u00e3o \u00e9 imprescind\u00edvel \u00e0 sustentabilidade do processo de desenvolvimento. E tamb\u00e9m porque foi criada com esse objetivo, conforme disp\u00f5e, explicitamente, o Decreto- lei n\u00b0 288\/67, que a reformulou.<\/p>\n\n\n\n<p>Parece consistente o seu argumento de que o P\u00f3lo Industrial de Manaus &#8211; PIM, por se sustentar em capital e tecnologia ex\u00f3genos, de empresas multinacionais, s\u00f3 ter\u00e1 condi\u00e7\u00f5es de perman\u00eancia, ap\u00f3s o desaparecimento dos incentivos fiscais, se conseguir enraizar-se fortemente no interior. Tese, ali\u00e1s, que n\u00e3o \u00e9 nova. O pr\u00f3prio autor destas linhas, em artigo publicado h\u00e1 mais de trinta anos, na revista da antiga Faculdade de Ci\u00eancias Econ\u00f4micas da Universidade do Amazonas, j\u00e1 apontava que o modelo da ZFM havia gerado uma economia tipicamente de enclave. O parque industrial de Manaus apresenta um car\u00e1ter de artificialidade e transitoriedade, na medida em que absorve insumos importados e seus produtos se destinam a mercados extra-regionais.<\/p>\n\n\n\n<p>Essa concentra\u00e7\u00e3o espacial do nosso setor industrial somente ser\u00e1 corrigida se atacada em duas vertentes. Na primeira, com a cria\u00e7\u00e3o de um p\u00f3lo de componentes em Manaus, que verticalize a produ\u00e7\u00e3o e reduza substancialmente a deped6encia do exterior. Na segunda, com a implanta\u00e7\u00e3o de um p\u00f3lo de ind\u00fastrias absorvedoras de mat\u00e9rias-primas regionais, criadoras de v\u00ednculos de mercado entre interior e a capital.<\/p>\n\n\n\n<p>Tendo a experi\u00eancia demonstrado a impossibilidade de se gerar um fluxo expressivo de investimentos privados para essas duas vertentes, o autor preconiza, acertadamente, a institui\u00e7\u00e3o de incentivos especiais com tais objetivos, de par com a aplica\u00e7\u00e3o de vultosos recursos p\u00fablicos, a fundo perdido, em obras de infra-estrutura e em capital humano. A origem desses recursos e os mecanismos de aplica\u00e7\u00e3o ficam em aberto, como quest\u00f5es a serem decididas politicamente, mas que entendo deva passar pela cria\u00e7\u00e3o de um fundo constitucional.<\/p>\n\n\n\n<p>De qualquer modo, concorde-se ou n\u00e3o coma tese esposada pelo autor, o livro do professor Ant\u00f4nio Botelho, doravante, se torna de consulta e refer\u00eancia obrigat\u00f3rias para todos aqueles que se dedicarem \u00e0 pesquisa e \u00e0 discuss\u00e3o desse tema candente que \u00e9 a interioriza\u00e7\u00e3o do desenvolvimento da Amaz\u00f4nia Ocidental, via ZFM, a figurar necessariamente no centro do debate em torno do futuro dessa institui\u00e7\u00e3o.<\/p>\n\n\n\n<p>Manaus, novembro de 2001 <\/p>\n\n\n\n<p>Jefferson P\u00e9res<\/p>\n\n\n\n<p><a rel=\"noreferrer noopener\" aria-label=\"Acesse este livro em PDF. Clique aqui (abre numa nova aba)\" href=\"http:\/\/antoniojosebotelho.com.br\/br\/wp-content\/uploads\/2020\/02\/Disserta\u00e7\u00e3o-vers\u00e3o-s\u00edntese.pdf\" target=\"_blank\">Acesse este livro em PDF. Clique aqui<\/a>.<\/p>\n\n\n\n<p><a rel=\"noreferrer noopener\" aria-label=\"Disserta\u00e7\u00e3o (PDF) (abre numa nova aba)\" href=\"http:\/\/antoniojosebotelho.com.br\/br\/wp-content\/uploads\/2020\/02\/ZFM-31.08-Vers\u00e3oFinal.pdf\" target=\"_blank\">Artigo (PDF)<\/a><\/p>\n","protected":false},"excerpt":{"rendered":"<p>PREF\u00c1CIO Este livro enfeixa a disserta\u00e7\u00e3o de mestrado do professor Ant\u00f4nio Jos\u00e9 Botelho no programa de Engenharia de Produ\u00e7\u00e3o da Universidade do Amazonas. Rico em informa\u00e7\u00f5es estat\u00edsticas e refer\u00eancias a textos legais, sua primeira parte constitui um valioso reposit\u00f3rio de dados, de grande utilidade para quantos pretendem conhecer o p\u00f3lo de desenvolvimento da Zona Franca [&hellip;]<\/p>\n","protected":false},"author":1,"featured_media":86,"comment_status":"closed","ping_status":"open","sticky":false,"template":"","format":"standard","meta":{"footnotes":""},"categories":[3],"tags":[],"class_list":["post-117","post","type-post","status-publish","format-standard","has-post-thumbnail","hentry","category-livros"],"yoast_head":"<!-- This site is optimized with the Yoast SEO plugin v27.4 - https:\/\/yoast.com\/product\/yoast-seo-wordpress\/ -->\n<title>Projeto ZFM: vetor de interioriza\u00e7\u00e3o ampliado! - Ant\u00f4nio Jos\u00e9 Botelho<\/title>\n<meta name=\"robots\" content=\"noindex, follow\" \/>\n<meta property=\"og:locale\" content=\"pt_BR\" \/>\n<meta property=\"og:type\" content=\"article\" \/>\n<meta property=\"og:title\" content=\"Projeto ZFM: vetor de interioriza\u00e7\u00e3o ampliado! - Ant\u00f4nio Jos\u00e9 Botelho\" \/>\n<meta property=\"og:description\" content=\"PREF\u00c1CIO Este livro enfeixa a disserta\u00e7\u00e3o de mestrado do professor Ant\u00f4nio Jos\u00e9 Botelho no programa de Engenharia de Produ\u00e7\u00e3o da Universidade do Amazonas. Rico em informa\u00e7\u00f5es estat\u00edsticas e refer\u00eancias a textos legais, sua primeira parte constitui um valioso reposit\u00f3rio de dados, de grande utilidade para quantos pretendem conhecer o p\u00f3lo de desenvolvimento da Zona Franca [&hellip;]\" \/>\n<meta property=\"og:url\" content=\"https:\/\/antoniojosebotelho.com.br\/br\/2019\/05\/12\/projeto-zfm-vetor-de-interiorizacao-ampliado\/\" \/>\n<meta property=\"og:site_name\" content=\"Ant\u00f4nio Jos\u00e9 Botelho\" \/>\n<meta property=\"article:published_time\" content=\"2019-05-12T02:15:15+00:00\" \/>\n<meta property=\"article:modified_time\" content=\"2020-02-20T14:12:23+00:00\" \/>\n<meta property=\"og:image\" content=\"https:\/\/antoniojosebotelho.com.br\/br\/wp-content\/uploads\/2019\/05\/2001_projeto-zfm.png\" \/>\n\t<meta property=\"og:image:width\" content=\"577\" \/>\n\t<meta property=\"og:image:height\" content=\"812\" \/>\n\t<meta property=\"og:image:type\" content=\"image\/png\" \/>\n<meta name=\"author\" content=\"abotelho\" \/>\n<meta name=\"twitter:card\" content=\"summary_large_image\" \/>\n<meta name=\"twitter:label1\" content=\"Escrito por\" \/>\n\t<meta name=\"twitter:data1\" content=\"abotelho\" \/>\n\t<meta name=\"twitter:label2\" content=\"Est. tempo de leitura\" \/>\n\t<meta name=\"twitter:data2\" content=\"2 minutos\" \/>\n<script type=\"application\/ld+json\" class=\"yoast-schema-graph\">{\"@context\":\"https:\\\/\\\/schema.org\",\"@graph\":[{\"@type\":\"Article\",\"@id\":\"https:\\\/\\\/antoniojosebotelho.com.br\\\/br\\\/2019\\\/05\\\/12\\\/projeto-zfm-vetor-de-interiorizacao-ampliado\\\/#article\",\"isPartOf\":{\"@id\":\"https:\\\/\\\/antoniojosebotelho.com.br\\\/br\\\/2019\\\/05\\\/12\\\/projeto-zfm-vetor-de-interiorizacao-ampliado\\\/\"},\"author\":{\"name\":\"abotelho\",\"@id\":\"http:\\\/\\\/antoniojosebotelho.com.br\\\/br\\\/#\\\/schema\\\/person\\\/43d740221d9216f49d857c5020d14dbc\"},\"headline\":\"Projeto ZFM: vetor de interioriza\u00e7\u00e3o ampliado!\",\"datePublished\":\"2019-05-12T02:15:15+00:00\",\"dateModified\":\"2020-02-20T14:12:23+00:00\",\"mainEntityOfPage\":{\"@id\":\"https:\\\/\\\/antoniojosebotelho.com.br\\\/br\\\/2019\\\/05\\\/12\\\/projeto-zfm-vetor-de-interiorizacao-ampliado\\\/\"},\"wordCount\":504,\"publisher\":{\"@id\":\"http:\\\/\\\/antoniojosebotelho.com.br\\\/br\\\/#\\\/schema\\\/person\\\/43d740221d9216f49d857c5020d14dbc\"},\"image\":{\"@id\":\"https:\\\/\\\/antoniojosebotelho.com.br\\\/br\\\/2019\\\/05\\\/12\\\/projeto-zfm-vetor-de-interiorizacao-ampliado\\\/#primaryimage\"},\"thumbnailUrl\":\"http:\\\/\\\/antoniojosebotelho.com.br\\\/br\\\/wp-content\\\/uploads\\\/2019\\\/05\\\/2001_projeto-zfm.png\",\"articleSection\":[\"Livros\"],\"inLanguage\":\"pt-BR\"},{\"@type\":\"WebPage\",\"@id\":\"https:\\\/\\\/antoniojosebotelho.com.br\\\/br\\\/2019\\\/05\\\/12\\\/projeto-zfm-vetor-de-interiorizacao-ampliado\\\/\",\"url\":\"https:\\\/\\\/antoniojosebotelho.com.br\\\/br\\\/2019\\\/05\\\/12\\\/projeto-zfm-vetor-de-interiorizacao-ampliado\\\/\",\"name\":\"Projeto ZFM: vetor de interioriza\u00e7\u00e3o ampliado! - Ant\u00f4nio Jos\u00e9 Botelho\",\"isPartOf\":{\"@id\":\"http:\\\/\\\/antoniojosebotelho.com.br\\\/br\\\/#website\"},\"primaryImageOfPage\":{\"@id\":\"https:\\\/\\\/antoniojosebotelho.com.br\\\/br\\\/2019\\\/05\\\/12\\\/projeto-zfm-vetor-de-interiorizacao-ampliado\\\/#primaryimage\"},\"image\":{\"@id\":\"https:\\\/\\\/antoniojosebotelho.com.br\\\/br\\\/2019\\\/05\\\/12\\\/projeto-zfm-vetor-de-interiorizacao-ampliado\\\/#primaryimage\"},\"thumbnailUrl\":\"http:\\\/\\\/antoniojosebotelho.com.br\\\/br\\\/wp-content\\\/uploads\\\/2019\\\/05\\\/2001_projeto-zfm.png\",\"datePublished\":\"2019-05-12T02:15:15+00:00\",\"dateModified\":\"2020-02-20T14:12:23+00:00\",\"breadcrumb\":{\"@id\":\"https:\\\/\\\/antoniojosebotelho.com.br\\\/br\\\/2019\\\/05\\\/12\\\/projeto-zfm-vetor-de-interiorizacao-ampliado\\\/#breadcrumb\"},\"inLanguage\":\"pt-BR\",\"potentialAction\":[{\"@type\":\"ReadAction\",\"target\":[\"https:\\\/\\\/antoniojosebotelho.com.br\\\/br\\\/2019\\\/05\\\/12\\\/projeto-zfm-vetor-de-interiorizacao-ampliado\\\/\"]}]},{\"@type\":\"ImageObject\",\"inLanguage\":\"pt-BR\",\"@id\":\"https:\\\/\\\/antoniojosebotelho.com.br\\\/br\\\/2019\\\/05\\\/12\\\/projeto-zfm-vetor-de-interiorizacao-ampliado\\\/#primaryimage\",\"url\":\"http:\\\/\\\/antoniojosebotelho.com.br\\\/br\\\/wp-content\\\/uploads\\\/2019\\\/05\\\/2001_projeto-zfm.png\",\"contentUrl\":\"http:\\\/\\\/antoniojosebotelho.com.br\\\/br\\\/wp-content\\\/uploads\\\/2019\\\/05\\\/2001_projeto-zfm.png\",\"width\":577,\"height\":812},{\"@type\":\"BreadcrumbList\",\"@id\":\"https:\\\/\\\/antoniojosebotelho.com.br\\\/br\\\/2019\\\/05\\\/12\\\/projeto-zfm-vetor-de-interiorizacao-ampliado\\\/#breadcrumb\",\"itemListElement\":[{\"@type\":\"ListItem\",\"position\":1,\"name\":\"In\u00edcio\",\"item\":\"http:\\\/\\\/antoniojosebotelho.com.br\\\/br\\\/\"},{\"@type\":\"ListItem\",\"position\":2,\"name\":\"Projeto ZFM: vetor de interioriza\u00e7\u00e3o ampliado!\"}]},{\"@type\":\"WebSite\",\"@id\":\"http:\\\/\\\/antoniojosebotelho.com.br\\\/br\\\/#website\",\"url\":\"http:\\\/\\\/antoniojosebotelho.com.br\\\/br\\\/\",\"name\":\"Ant\u00f4nio Jos\u00e9 Botelho\",\"description\":\"Publica\u00e7\u00f5es e Artigos.\",\"publisher\":{\"@id\":\"http:\\\/\\\/antoniojosebotelho.com.br\\\/br\\\/#\\\/schema\\\/person\\\/43d740221d9216f49d857c5020d14dbc\"},\"potentialAction\":[{\"@type\":\"SearchAction\",\"target\":{\"@type\":\"EntryPoint\",\"urlTemplate\":\"http:\\\/\\\/antoniojosebotelho.com.br\\\/br\\\/?s={search_term_string}\"},\"query-input\":{\"@type\":\"PropertyValueSpecification\",\"valueRequired\":true,\"valueName\":\"search_term_string\"}}],\"inLanguage\":\"pt-BR\"},{\"@type\":[\"Person\",\"Organization\"],\"@id\":\"http:\\\/\\\/antoniojosebotelho.com.br\\\/br\\\/#\\\/schema\\\/person\\\/43d740221d9216f49d857c5020d14dbc\",\"name\":\"abotelho\",\"image\":{\"@type\":\"ImageObject\",\"inLanguage\":\"pt-BR\",\"@id\":\"http:\\\/\\\/antoniojosebotelho.com.br\\\/br\\\/wp-content\\\/uploads\\\/2019\\\/04\\\/img_capa-head2.png\",\"url\":\"http:\\\/\\\/antoniojosebotelho.com.br\\\/br\\\/wp-content\\\/uploads\\\/2019\\\/04\\\/img_capa-head2.png\",\"contentUrl\":\"http:\\\/\\\/antoniojosebotelho.com.br\\\/br\\\/wp-content\\\/uploads\\\/2019\\\/04\\\/img_capa-head2.png\",\"width\":240,\"height\":32,\"caption\":\"abotelho\"},\"logo\":{\"@id\":\"http:\\\/\\\/antoniojosebotelho.com.br\\\/br\\\/wp-content\\\/uploads\\\/2019\\\/04\\\/img_capa-head2.png\"}}]}<\/script>\n<!-- \/ Yoast SEO plugin. -->","yoast_head_json":{"title":"Projeto ZFM: vetor de interioriza\u00e7\u00e3o ampliado! - Ant\u00f4nio Jos\u00e9 Botelho","robots":{"index":"noindex","follow":"follow"},"og_locale":"pt_BR","og_type":"article","og_title":"Projeto ZFM: vetor de interioriza\u00e7\u00e3o ampliado! - Ant\u00f4nio Jos\u00e9 Botelho","og_description":"PREF\u00c1CIO Este livro enfeixa a disserta\u00e7\u00e3o de mestrado do professor Ant\u00f4nio Jos\u00e9 Botelho no programa de Engenharia de Produ\u00e7\u00e3o da Universidade do Amazonas. Rico em informa\u00e7\u00f5es estat\u00edsticas e refer\u00eancias a textos legais, sua primeira parte constitui um valioso reposit\u00f3rio de dados, de grande utilidade para quantos pretendem conhecer o p\u00f3lo de desenvolvimento da Zona Franca [&hellip;]","og_url":"https:\/\/antoniojosebotelho.com.br\/br\/2019\/05\/12\/projeto-zfm-vetor-de-interiorizacao-ampliado\/","og_site_name":"Ant\u00f4nio Jos\u00e9 Botelho","article_published_time":"2019-05-12T02:15:15+00:00","article_modified_time":"2020-02-20T14:12:23+00:00","og_image":[{"width":577,"height":812,"url":"https:\/\/antoniojosebotelho.com.br\/br\/wp-content\/uploads\/2019\/05\/2001_projeto-zfm.png","type":"image\/png"}],"author":"abotelho","twitter_card":"summary_large_image","twitter_misc":{"Escrito por":"abotelho","Est. tempo de leitura":"2 minutos"},"schema":{"@context":"https:\/\/schema.org","@graph":[{"@type":"Article","@id":"https:\/\/antoniojosebotelho.com.br\/br\/2019\/05\/12\/projeto-zfm-vetor-de-interiorizacao-ampliado\/#article","isPartOf":{"@id":"https:\/\/antoniojosebotelho.com.br\/br\/2019\/05\/12\/projeto-zfm-vetor-de-interiorizacao-ampliado\/"},"author":{"name":"abotelho","@id":"http:\/\/antoniojosebotelho.com.br\/br\/#\/schema\/person\/43d740221d9216f49d857c5020d14dbc"},"headline":"Projeto ZFM: vetor de interioriza\u00e7\u00e3o ampliado!","datePublished":"2019-05-12T02:15:15+00:00","dateModified":"2020-02-20T14:12:23+00:00","mainEntityOfPage":{"@id":"https:\/\/antoniojosebotelho.com.br\/br\/2019\/05\/12\/projeto-zfm-vetor-de-interiorizacao-ampliado\/"},"wordCount":504,"publisher":{"@id":"http:\/\/antoniojosebotelho.com.br\/br\/#\/schema\/person\/43d740221d9216f49d857c5020d14dbc"},"image":{"@id":"https:\/\/antoniojosebotelho.com.br\/br\/2019\/05\/12\/projeto-zfm-vetor-de-interiorizacao-ampliado\/#primaryimage"},"thumbnailUrl":"http:\/\/antoniojosebotelho.com.br\/br\/wp-content\/uploads\/2019\/05\/2001_projeto-zfm.png","articleSection":["Livros"],"inLanguage":"pt-BR"},{"@type":"WebPage","@id":"https:\/\/antoniojosebotelho.com.br\/br\/2019\/05\/12\/projeto-zfm-vetor-de-interiorizacao-ampliado\/","url":"https:\/\/antoniojosebotelho.com.br\/br\/2019\/05\/12\/projeto-zfm-vetor-de-interiorizacao-ampliado\/","name":"Projeto ZFM: vetor de interioriza\u00e7\u00e3o ampliado! - Ant\u00f4nio Jos\u00e9 Botelho","isPartOf":{"@id":"http:\/\/antoniojosebotelho.com.br\/br\/#website"},"primaryImageOfPage":{"@id":"https:\/\/antoniojosebotelho.com.br\/br\/2019\/05\/12\/projeto-zfm-vetor-de-interiorizacao-ampliado\/#primaryimage"},"image":{"@id":"https:\/\/antoniojosebotelho.com.br\/br\/2019\/05\/12\/projeto-zfm-vetor-de-interiorizacao-ampliado\/#primaryimage"},"thumbnailUrl":"http:\/\/antoniojosebotelho.com.br\/br\/wp-content\/uploads\/2019\/05\/2001_projeto-zfm.png","datePublished":"2019-05-12T02:15:15+00:00","dateModified":"2020-02-20T14:12:23+00:00","breadcrumb":{"@id":"https:\/\/antoniojosebotelho.com.br\/br\/2019\/05\/12\/projeto-zfm-vetor-de-interiorizacao-ampliado\/#breadcrumb"},"inLanguage":"pt-BR","potentialAction":[{"@type":"ReadAction","target":["https:\/\/antoniojosebotelho.com.br\/br\/2019\/05\/12\/projeto-zfm-vetor-de-interiorizacao-ampliado\/"]}]},{"@type":"ImageObject","inLanguage":"pt-BR","@id":"https:\/\/antoniojosebotelho.com.br\/br\/2019\/05\/12\/projeto-zfm-vetor-de-interiorizacao-ampliado\/#primaryimage","url":"http:\/\/antoniojosebotelho.com.br\/br\/wp-content\/uploads\/2019\/05\/2001_projeto-zfm.png","contentUrl":"http:\/\/antoniojosebotelho.com.br\/br\/wp-content\/uploads\/2019\/05\/2001_projeto-zfm.png","width":577,"height":812},{"@type":"BreadcrumbList","@id":"https:\/\/antoniojosebotelho.com.br\/br\/2019\/05\/12\/projeto-zfm-vetor-de-interiorizacao-ampliado\/#breadcrumb","itemListElement":[{"@type":"ListItem","position":1,"name":"In\u00edcio","item":"http:\/\/antoniojosebotelho.com.br\/br\/"},{"@type":"ListItem","position":2,"name":"Projeto ZFM: vetor de interioriza\u00e7\u00e3o ampliado!"}]},{"@type":"WebSite","@id":"http:\/\/antoniojosebotelho.com.br\/br\/#website","url":"http:\/\/antoniojosebotelho.com.br\/br\/","name":"Ant\u00f4nio Jos\u00e9 Botelho","description":"Publica\u00e7\u00f5es e Artigos.","publisher":{"@id":"http:\/\/antoniojosebotelho.com.br\/br\/#\/schema\/person\/43d740221d9216f49d857c5020d14dbc"},"potentialAction":[{"@type":"SearchAction","target":{"@type":"EntryPoint","urlTemplate":"http:\/\/antoniojosebotelho.com.br\/br\/?s={search_term_string}"},"query-input":{"@type":"PropertyValueSpecification","valueRequired":true,"valueName":"search_term_string"}}],"inLanguage":"pt-BR"},{"@type":["Person","Organization"],"@id":"http:\/\/antoniojosebotelho.com.br\/br\/#\/schema\/person\/43d740221d9216f49d857c5020d14dbc","name":"abotelho","image":{"@type":"ImageObject","inLanguage":"pt-BR","@id":"http:\/\/antoniojosebotelho.com.br\/br\/wp-content\/uploads\/2019\/04\/img_capa-head2.png","url":"http:\/\/antoniojosebotelho.com.br\/br\/wp-content\/uploads\/2019\/04\/img_capa-head2.png","contentUrl":"http:\/\/antoniojosebotelho.com.br\/br\/wp-content\/uploads\/2019\/04\/img_capa-head2.png","width":240,"height":32,"caption":"abotelho"},"logo":{"@id":"http:\/\/antoniojosebotelho.com.br\/br\/wp-content\/uploads\/2019\/04\/img_capa-head2.png"}}]}},"_links":{"self":[{"href":"http:\/\/antoniojosebotelho.com.br\/br\/wp-json\/wp\/v2\/posts\/117","targetHints":{"allow":["GET"]}}],"collection":[{"href":"http:\/\/antoniojosebotelho.com.br\/br\/wp-json\/wp\/v2\/posts"}],"about":[{"href":"http:\/\/antoniojosebotelho.com.br\/br\/wp-json\/wp\/v2\/types\/post"}],"author":[{"embeddable":true,"href":"http:\/\/antoniojosebotelho.com.br\/br\/wp-json\/wp\/v2\/users\/1"}],"replies":[{"embeddable":true,"href":"http:\/\/antoniojosebotelho.com.br\/br\/wp-json\/wp\/v2\/comments?post=117"}],"version-history":[{"count":7,"href":"http:\/\/antoniojosebotelho.com.br\/br\/wp-json\/wp\/v2\/posts\/117\/revisions"}],"predecessor-version":[{"id":957,"href":"http:\/\/antoniojosebotelho.com.br\/br\/wp-json\/wp\/v2\/posts\/117\/revisions\/957"}],"wp:featuredmedia":[{"embeddable":true,"href":"http:\/\/antoniojosebotelho.com.br\/br\/wp-json\/wp\/v2\/media\/86"}],"wp:attachment":[{"href":"http:\/\/antoniojosebotelho.com.br\/br\/wp-json\/wp\/v2\/media?parent=117"}],"wp:term":[{"taxonomy":"category","embeddable":true,"href":"http:\/\/antoniojosebotelho.com.br\/br\/wp-json\/wp\/v2\/categories?post=117"},{"taxonomy":"post_tag","embeddable":true,"href":"http:\/\/antoniojosebotelho.com.br\/br\/wp-json\/wp\/v2\/tags?post=117"}],"curies":[{"name":"wp","href":"https:\/\/api.w.org\/{rel}","templated":true}]}}