{"id":121,"date":"2019-05-12T02:17:12","date_gmt":"2019-05-12T02:17:12","guid":{"rendered":"http:\/\/antoniojosebotelho.com.br\/br\/?p=121"},"modified":"2020-02-04T09:55:10","modified_gmt":"2020-02-04T13:55:10","slug":"pequenas-lascas-reflexoes-junto-ao-modelo-mental-do-projeto-zfm","status":"publish","type":"post","link":"http:\/\/antoniojosebotelho.com.br\/br\/2019\/05\/12\/pequenas-lascas-reflexoes-junto-ao-modelo-mental-do-projeto-zfm\/","title":{"rendered":"Pequenas lascas: reflex\u00f5es junto ao modelo mental do projeto zfm"},"content":{"rendered":"\n<p>O v\u00ednculo do profissional com a organiza\u00e7\u00e3o em que trabalha n\u00e3o pode esgotar-se no mero cumprimento de obriga\u00e7\u00f5es legais. A pontualidade, a assiduidade e a obedi\u00eancia estrita \u00e0s diretrizes e normas organizacionais s\u00e3o apenas parte e raramente a mais importante do compromisso entre a pessoa e a organiza\u00e7\u00e3o na qual trabalha. A rigor, s\u00f3 se reconhece genu\u00edno compromisso, quando a participa\u00e7\u00e3o do profissional avan\u00e7a, sempre em busca de contribuir para a realiza\u00e7\u00e3o plena dos objetivos organizacionais. \u00c9 necess\u00e1rio, portanto, despertar no profissional&nbsp; o sentimento de realiza\u00e7\u00e3o pessoal e profissional, para que a organiza\u00e7\u00e3o tenha direito de reclamar aquele compromisso. \u00c9 da literatura administrativa o registro muito abundante de fracassos que de \u00eaxitos. Raros, por\u00e9m, os administradores que identificam em si mesmos e em seu estilo peculiar de administrar a base de tantas frustra\u00e7\u00f5es. Estudem-se os altos n\u00edveis de rotatividade na empresa e logo se revelar\u00e3o a incompet\u00eancia gerencial e a absoluta ignor\u00e2ncia quanto ao papel que os seres humanos desempenham nas organiza\u00e7\u00f5es. Sempre haver\u00e1, por\u00e9m, aqueles profissionais que, dotados de forte sentimento coletivo, d\u00e3o pouca import\u00e2ncia para as dificuldades internas e t\u00eam olhos para ver o mundo, mais que \u00e0 sua volta, em torno da organiza\u00e7\u00e3o em que trabalham. Esses podem, assim, dedicar-se aos problemas com que se defronta aquele grupo e as oportunidades que a ele se apresentam. Muito do que se conhece, na j\u00e1 extensa (mas nem sempre adequada) bibliografia administrativa resulta desse esp\u00edrito comprometido, s\u00f3 ele capaz de assumir riscos e, em compensa\u00e7\u00e3o, contribuir para o \u00eaxito das organiza\u00e7\u00f5es. Esses sentimentos transparecem nos textos abrangidos pelo presente volume, que o autor, modestamente, chama de \u201clascas\u201d. Penso n\u00e3o subjazer ao conjunto de escritos a ideia dos riscos que tais fragmentos de madeira oferecem para as pessoas o primeiro deles o de ferir-se, provocando um corte na pele, sujeito a sangramento.<\/p>\n\n\n\n<p>O que Ant\u00f4nio Jos\u00e9 Lopes Botelho pretende \u00e9 provocar colegas e outros profissionais a discutirem temas relevantes para os detidos do \u00f3rg\u00e3o a que d\u00e1 valiosa e comprometida contribui\u00e7\u00e3o, a Superintend\u00eancia da Zona Franca de Manaus, \u00c9 de somenos a ades\u00e3o ou a rejei\u00e7\u00e3o das ideias esposadas pelo autor. O que ele deseja, mesmo, \u00e9 contribuir e levar outras pessoas a faz\u00ea-lo O que basta para mostr\u00e1-lo profundamente vinculado \u00e0 autarquia. Sequer importa qual das raz\u00f5es (o clima organizacional prop\u00edcio ou forte sentimento de solidariedade) levou o autor a produzir os textos. Mais do que tudo, \u00e9 importante l\u00ea-los e discuti-los.&nbsp;<\/p>\n\n\n\n<p>Com isso podem ganhar (al\u00e9m do pr\u00f3prio Ant\u00f4nio Jos\u00e9 Botelho), a Suframa, o Amazonas e a economia da regi\u00e3o.<\/p>\n\n\n\n<p>Jos\u00e9 da Silva Ser\u00e1fico de Assis Carvalho<\/p>\n\n\n\n<p>Professor da Universidade Federal do Amazonas<\/p>\n\n\n\n<p><a href=\"http:\/\/antoniojosebotelho.com.br\/br\/wp-content\/uploads\/2020\/02\/Pequenas-Lascas_compressed.pdf\" target=\"_blank\" rel=\"noreferrer noopener\" aria-label=\"Acesse este livro em PDF. Clique aqui (abre numa nova aba)\">Acesse este livro em PDF. Clique aqui<\/a>.<\/p>\n","protected":false},"excerpt":{"rendered":"<p>O v\u00ednculo do profissional com a organiza\u00e7\u00e3o em que trabalha n\u00e3o pode esgotar-se no mero cumprimento de obriga\u00e7\u00f5es legais. A pontualidade, a assiduidade e a obedi\u00eancia estrita \u00e0s diretrizes e normas organizacionais s\u00e3o apenas parte e raramente a mais importante do compromisso entre a pessoa e a organiza\u00e7\u00e3o na qual trabalha. A rigor, s\u00f3 se [&hellip;]<\/p>\n","protected":false},"author":1,"featured_media":88,"comment_status":"closed","ping_status":"open","sticky":false,"template":"","format":"standard","meta":{"footnotes":""},"categories":[3],"tags":[],"class_list":["post-121","post","type-post","status-publish","format-standard","has-post-thumbnail","hentry","category-livros"],"yoast_head":"<!-- This site is optimized with the Yoast SEO plugin v27.4 - https:\/\/yoast.com\/product\/yoast-seo-wordpress\/ -->\n<title>Pequenas lascas: reflex\u00f5es junto ao modelo mental do projeto zfm - Ant\u00f4nio Jos\u00e9 Botelho<\/title>\n<meta name=\"robots\" content=\"noindex, follow\" \/>\n<meta property=\"og:locale\" content=\"pt_BR\" \/>\n<meta property=\"og:type\" content=\"article\" \/>\n<meta property=\"og:title\" content=\"Pequenas lascas: reflex\u00f5es junto ao modelo mental do projeto zfm - Ant\u00f4nio Jos\u00e9 Botelho\" \/>\n<meta property=\"og:description\" content=\"O v\u00ednculo do profissional com a organiza\u00e7\u00e3o em que trabalha n\u00e3o pode esgotar-se no mero cumprimento de obriga\u00e7\u00f5es legais. A pontualidade, a assiduidade e a obedi\u00eancia estrita \u00e0s diretrizes e normas organizacionais s\u00e3o apenas parte e raramente a mais importante do compromisso entre a pessoa e a organiza\u00e7\u00e3o na qual trabalha. A rigor, s\u00f3 se [&hellip;]\" \/>\n<meta property=\"og:url\" content=\"https:\/\/antoniojosebotelho.com.br\/br\/2019\/05\/12\/pequenas-lascas-reflexoes-junto-ao-modelo-mental-do-projeto-zfm\/\" \/>\n<meta property=\"og:site_name\" content=\"Ant\u00f4nio Jos\u00e9 Botelho\" \/>\n<meta property=\"article:published_time\" content=\"2019-05-12T02:17:12+00:00\" \/>\n<meta property=\"article:modified_time\" content=\"2020-02-04T13:55:10+00:00\" \/>\n<meta property=\"og:image\" content=\"https:\/\/antoniojosebotelho.com.br\/br\/wp-content\/uploads\/2019\/05\/2003_pequenas_lascas.png\" \/>\n\t<meta property=\"og:image:width\" content=\"577\" \/>\n\t<meta property=\"og:image:height\" content=\"812\" \/>\n\t<meta property=\"og:image:type\" content=\"image\/png\" \/>\n<meta name=\"author\" content=\"abotelho\" \/>\n<meta name=\"twitter:card\" content=\"summary_large_image\" \/>\n<meta name=\"twitter:label1\" content=\"Escrito por\" \/>\n\t<meta name=\"twitter:data1\" content=\"abotelho\" \/>\n\t<meta name=\"twitter:label2\" content=\"Est. tempo de leitura\" \/>\n\t<meta name=\"twitter:data2\" content=\"2 minutos\" \/>\n<script type=\"application\/ld+json\" class=\"yoast-schema-graph\">{\"@context\":\"https:\\\/\\\/schema.org\",\"@graph\":[{\"@type\":\"Article\",\"@id\":\"https:\\\/\\\/antoniojosebotelho.com.br\\\/br\\\/2019\\\/05\\\/12\\\/pequenas-lascas-reflexoes-junto-ao-modelo-mental-do-projeto-zfm\\\/#article\",\"isPartOf\":{\"@id\":\"https:\\\/\\\/antoniojosebotelho.com.br\\\/br\\\/2019\\\/05\\\/12\\\/pequenas-lascas-reflexoes-junto-ao-modelo-mental-do-projeto-zfm\\\/\"},\"author\":{\"name\":\"abotelho\",\"@id\":\"http:\\\/\\\/antoniojosebotelho.com.br\\\/br\\\/#\\\/schema\\\/person\\\/43d740221d9216f49d857c5020d14dbc\"},\"headline\":\"Pequenas lascas: reflex\u00f5es junto ao modelo mental do projeto zfm\",\"datePublished\":\"2019-05-12T02:17:12+00:00\",\"dateModified\":\"2020-02-04T13:55:10+00:00\",\"mainEntityOfPage\":{\"@id\":\"https:\\\/\\\/antoniojosebotelho.com.br\\\/br\\\/2019\\\/05\\\/12\\\/pequenas-lascas-reflexoes-junto-ao-modelo-mental-do-projeto-zfm\\\/\"},\"wordCount\":493,\"publisher\":{\"@id\":\"http:\\\/\\\/antoniojosebotelho.com.br\\\/br\\\/#\\\/schema\\\/person\\\/43d740221d9216f49d857c5020d14dbc\"},\"image\":{\"@id\":\"https:\\\/\\\/antoniojosebotelho.com.br\\\/br\\\/2019\\\/05\\\/12\\\/pequenas-lascas-reflexoes-junto-ao-modelo-mental-do-projeto-zfm\\\/#primaryimage\"},\"thumbnailUrl\":\"http:\\\/\\\/antoniojosebotelho.com.br\\\/br\\\/wp-content\\\/uploads\\\/2019\\\/05\\\/2003_pequenas_lascas.png\",\"articleSection\":[\"Livros\"],\"inLanguage\":\"pt-BR\"},{\"@type\":\"WebPage\",\"@id\":\"https:\\\/\\\/antoniojosebotelho.com.br\\\/br\\\/2019\\\/05\\\/12\\\/pequenas-lascas-reflexoes-junto-ao-modelo-mental-do-projeto-zfm\\\/\",\"url\":\"https:\\\/\\\/antoniojosebotelho.com.br\\\/br\\\/2019\\\/05\\\/12\\\/pequenas-lascas-reflexoes-junto-ao-modelo-mental-do-projeto-zfm\\\/\",\"name\":\"Pequenas lascas: reflex\u00f5es junto ao modelo mental do projeto zfm - Ant\u00f4nio Jos\u00e9 Botelho\",\"isPartOf\":{\"@id\":\"http:\\\/\\\/antoniojosebotelho.com.br\\\/br\\\/#website\"},\"primaryImageOfPage\":{\"@id\":\"https:\\\/\\\/antoniojosebotelho.com.br\\\/br\\\/2019\\\/05\\\/12\\\/pequenas-lascas-reflexoes-junto-ao-modelo-mental-do-projeto-zfm\\\/#primaryimage\"},\"image\":{\"@id\":\"https:\\\/\\\/antoniojosebotelho.com.br\\\/br\\\/2019\\\/05\\\/12\\\/pequenas-lascas-reflexoes-junto-ao-modelo-mental-do-projeto-zfm\\\/#primaryimage\"},\"thumbnailUrl\":\"http:\\\/\\\/antoniojosebotelho.com.br\\\/br\\\/wp-content\\\/uploads\\\/2019\\\/05\\\/2003_pequenas_lascas.png\",\"datePublished\":\"2019-05-12T02:17:12+00:00\",\"dateModified\":\"2020-02-04T13:55:10+00:00\",\"breadcrumb\":{\"@id\":\"https:\\\/\\\/antoniojosebotelho.com.br\\\/br\\\/2019\\\/05\\\/12\\\/pequenas-lascas-reflexoes-junto-ao-modelo-mental-do-projeto-zfm\\\/#breadcrumb\"},\"inLanguage\":\"pt-BR\",\"potentialAction\":[{\"@type\":\"ReadAction\",\"target\":[\"https:\\\/\\\/antoniojosebotelho.com.br\\\/br\\\/2019\\\/05\\\/12\\\/pequenas-lascas-reflexoes-junto-ao-modelo-mental-do-projeto-zfm\\\/\"]}]},{\"@type\":\"ImageObject\",\"inLanguage\":\"pt-BR\",\"@id\":\"https:\\\/\\\/antoniojosebotelho.com.br\\\/br\\\/2019\\\/05\\\/12\\\/pequenas-lascas-reflexoes-junto-ao-modelo-mental-do-projeto-zfm\\\/#primaryimage\",\"url\":\"http:\\\/\\\/antoniojosebotelho.com.br\\\/br\\\/wp-content\\\/uploads\\\/2019\\\/05\\\/2003_pequenas_lascas.png\",\"contentUrl\":\"http:\\\/\\\/antoniojosebotelho.com.br\\\/br\\\/wp-content\\\/uploads\\\/2019\\\/05\\\/2003_pequenas_lascas.png\",\"width\":577,\"height\":812},{\"@type\":\"BreadcrumbList\",\"@id\":\"https:\\\/\\\/antoniojosebotelho.com.br\\\/br\\\/2019\\\/05\\\/12\\\/pequenas-lascas-reflexoes-junto-ao-modelo-mental-do-projeto-zfm\\\/#breadcrumb\",\"itemListElement\":[{\"@type\":\"ListItem\",\"position\":1,\"name\":\"In\u00edcio\",\"item\":\"http:\\\/\\\/antoniojosebotelho.com.br\\\/br\\\/\"},{\"@type\":\"ListItem\",\"position\":2,\"name\":\"Pequenas lascas: reflex\u00f5es junto ao modelo mental do projeto zfm\"}]},{\"@type\":\"WebSite\",\"@id\":\"http:\\\/\\\/antoniojosebotelho.com.br\\\/br\\\/#website\",\"url\":\"http:\\\/\\\/antoniojosebotelho.com.br\\\/br\\\/\",\"name\":\"Ant\u00f4nio Jos\u00e9 Botelho\",\"description\":\"Publica\u00e7\u00f5es e Artigos.\",\"publisher\":{\"@id\":\"http:\\\/\\\/antoniojosebotelho.com.br\\\/br\\\/#\\\/schema\\\/person\\\/43d740221d9216f49d857c5020d14dbc\"},\"potentialAction\":[{\"@type\":\"SearchAction\",\"target\":{\"@type\":\"EntryPoint\",\"urlTemplate\":\"http:\\\/\\\/antoniojosebotelho.com.br\\\/br\\\/?s={search_term_string}\"},\"query-input\":{\"@type\":\"PropertyValueSpecification\",\"valueRequired\":true,\"valueName\":\"search_term_string\"}}],\"inLanguage\":\"pt-BR\"},{\"@type\":[\"Person\",\"Organization\"],\"@id\":\"http:\\\/\\\/antoniojosebotelho.com.br\\\/br\\\/#\\\/schema\\\/person\\\/43d740221d9216f49d857c5020d14dbc\",\"name\":\"abotelho\",\"image\":{\"@type\":\"ImageObject\",\"inLanguage\":\"pt-BR\",\"@id\":\"http:\\\/\\\/antoniojosebotelho.com.br\\\/br\\\/wp-content\\\/uploads\\\/2019\\\/04\\\/img_capa-head2.png\",\"url\":\"http:\\\/\\\/antoniojosebotelho.com.br\\\/br\\\/wp-content\\\/uploads\\\/2019\\\/04\\\/img_capa-head2.png\",\"contentUrl\":\"http:\\\/\\\/antoniojosebotelho.com.br\\\/br\\\/wp-content\\\/uploads\\\/2019\\\/04\\\/img_capa-head2.png\",\"width\":240,\"height\":32,\"caption\":\"abotelho\"},\"logo\":{\"@id\":\"http:\\\/\\\/antoniojosebotelho.com.br\\\/br\\\/wp-content\\\/uploads\\\/2019\\\/04\\\/img_capa-head2.png\"}}]}<\/script>\n<!-- \/ Yoast SEO plugin. -->","yoast_head_json":{"title":"Pequenas lascas: reflex\u00f5es junto ao modelo mental do projeto zfm - Ant\u00f4nio Jos\u00e9 Botelho","robots":{"index":"noindex","follow":"follow"},"og_locale":"pt_BR","og_type":"article","og_title":"Pequenas lascas: reflex\u00f5es junto ao modelo mental do projeto zfm - Ant\u00f4nio Jos\u00e9 Botelho","og_description":"O v\u00ednculo do profissional com a organiza\u00e7\u00e3o em que trabalha n\u00e3o pode esgotar-se no mero cumprimento de obriga\u00e7\u00f5es legais. A pontualidade, a assiduidade e a obedi\u00eancia estrita \u00e0s diretrizes e normas organizacionais s\u00e3o apenas parte e raramente a mais importante do compromisso entre a pessoa e a organiza\u00e7\u00e3o na qual trabalha. A rigor, s\u00f3 se [&hellip;]","og_url":"https:\/\/antoniojosebotelho.com.br\/br\/2019\/05\/12\/pequenas-lascas-reflexoes-junto-ao-modelo-mental-do-projeto-zfm\/","og_site_name":"Ant\u00f4nio Jos\u00e9 Botelho","article_published_time":"2019-05-12T02:17:12+00:00","article_modified_time":"2020-02-04T13:55:10+00:00","og_image":[{"width":577,"height":812,"url":"https:\/\/antoniojosebotelho.com.br\/br\/wp-content\/uploads\/2019\/05\/2003_pequenas_lascas.png","type":"image\/png"}],"author":"abotelho","twitter_card":"summary_large_image","twitter_misc":{"Escrito por":"abotelho","Est. tempo de leitura":"2 minutos"},"schema":{"@context":"https:\/\/schema.org","@graph":[{"@type":"Article","@id":"https:\/\/antoniojosebotelho.com.br\/br\/2019\/05\/12\/pequenas-lascas-reflexoes-junto-ao-modelo-mental-do-projeto-zfm\/#article","isPartOf":{"@id":"https:\/\/antoniojosebotelho.com.br\/br\/2019\/05\/12\/pequenas-lascas-reflexoes-junto-ao-modelo-mental-do-projeto-zfm\/"},"author":{"name":"abotelho","@id":"http:\/\/antoniojosebotelho.com.br\/br\/#\/schema\/person\/43d740221d9216f49d857c5020d14dbc"},"headline":"Pequenas lascas: reflex\u00f5es junto ao modelo mental do projeto zfm","datePublished":"2019-05-12T02:17:12+00:00","dateModified":"2020-02-04T13:55:10+00:00","mainEntityOfPage":{"@id":"https:\/\/antoniojosebotelho.com.br\/br\/2019\/05\/12\/pequenas-lascas-reflexoes-junto-ao-modelo-mental-do-projeto-zfm\/"},"wordCount":493,"publisher":{"@id":"http:\/\/antoniojosebotelho.com.br\/br\/#\/schema\/person\/43d740221d9216f49d857c5020d14dbc"},"image":{"@id":"https:\/\/antoniojosebotelho.com.br\/br\/2019\/05\/12\/pequenas-lascas-reflexoes-junto-ao-modelo-mental-do-projeto-zfm\/#primaryimage"},"thumbnailUrl":"http:\/\/antoniojosebotelho.com.br\/br\/wp-content\/uploads\/2019\/05\/2003_pequenas_lascas.png","articleSection":["Livros"],"inLanguage":"pt-BR"},{"@type":"WebPage","@id":"https:\/\/antoniojosebotelho.com.br\/br\/2019\/05\/12\/pequenas-lascas-reflexoes-junto-ao-modelo-mental-do-projeto-zfm\/","url":"https:\/\/antoniojosebotelho.com.br\/br\/2019\/05\/12\/pequenas-lascas-reflexoes-junto-ao-modelo-mental-do-projeto-zfm\/","name":"Pequenas lascas: reflex\u00f5es junto ao modelo mental do projeto zfm - Ant\u00f4nio Jos\u00e9 Botelho","isPartOf":{"@id":"http:\/\/antoniojosebotelho.com.br\/br\/#website"},"primaryImageOfPage":{"@id":"https:\/\/antoniojosebotelho.com.br\/br\/2019\/05\/12\/pequenas-lascas-reflexoes-junto-ao-modelo-mental-do-projeto-zfm\/#primaryimage"},"image":{"@id":"https:\/\/antoniojosebotelho.com.br\/br\/2019\/05\/12\/pequenas-lascas-reflexoes-junto-ao-modelo-mental-do-projeto-zfm\/#primaryimage"},"thumbnailUrl":"http:\/\/antoniojosebotelho.com.br\/br\/wp-content\/uploads\/2019\/05\/2003_pequenas_lascas.png","datePublished":"2019-05-12T02:17:12+00:00","dateModified":"2020-02-04T13:55:10+00:00","breadcrumb":{"@id":"https:\/\/antoniojosebotelho.com.br\/br\/2019\/05\/12\/pequenas-lascas-reflexoes-junto-ao-modelo-mental-do-projeto-zfm\/#breadcrumb"},"inLanguage":"pt-BR","potentialAction":[{"@type":"ReadAction","target":["https:\/\/antoniojosebotelho.com.br\/br\/2019\/05\/12\/pequenas-lascas-reflexoes-junto-ao-modelo-mental-do-projeto-zfm\/"]}]},{"@type":"ImageObject","inLanguage":"pt-BR","@id":"https:\/\/antoniojosebotelho.com.br\/br\/2019\/05\/12\/pequenas-lascas-reflexoes-junto-ao-modelo-mental-do-projeto-zfm\/#primaryimage","url":"http:\/\/antoniojosebotelho.com.br\/br\/wp-content\/uploads\/2019\/05\/2003_pequenas_lascas.png","contentUrl":"http:\/\/antoniojosebotelho.com.br\/br\/wp-content\/uploads\/2019\/05\/2003_pequenas_lascas.png","width":577,"height":812},{"@type":"BreadcrumbList","@id":"https:\/\/antoniojosebotelho.com.br\/br\/2019\/05\/12\/pequenas-lascas-reflexoes-junto-ao-modelo-mental-do-projeto-zfm\/#breadcrumb","itemListElement":[{"@type":"ListItem","position":1,"name":"In\u00edcio","item":"http:\/\/antoniojosebotelho.com.br\/br\/"},{"@type":"ListItem","position":2,"name":"Pequenas lascas: reflex\u00f5es junto ao modelo mental do projeto zfm"}]},{"@type":"WebSite","@id":"http:\/\/antoniojosebotelho.com.br\/br\/#website","url":"http:\/\/antoniojosebotelho.com.br\/br\/","name":"Ant\u00f4nio Jos\u00e9 Botelho","description":"Publica\u00e7\u00f5es e Artigos.","publisher":{"@id":"http:\/\/antoniojosebotelho.com.br\/br\/#\/schema\/person\/43d740221d9216f49d857c5020d14dbc"},"potentialAction":[{"@type":"SearchAction","target":{"@type":"EntryPoint","urlTemplate":"http:\/\/antoniojosebotelho.com.br\/br\/?s={search_term_string}"},"query-input":{"@type":"PropertyValueSpecification","valueRequired":true,"valueName":"search_term_string"}}],"inLanguage":"pt-BR"},{"@type":["Person","Organization"],"@id":"http:\/\/antoniojosebotelho.com.br\/br\/#\/schema\/person\/43d740221d9216f49d857c5020d14dbc","name":"abotelho","image":{"@type":"ImageObject","inLanguage":"pt-BR","@id":"http:\/\/antoniojosebotelho.com.br\/br\/wp-content\/uploads\/2019\/04\/img_capa-head2.png","url":"http:\/\/antoniojosebotelho.com.br\/br\/wp-content\/uploads\/2019\/04\/img_capa-head2.png","contentUrl":"http:\/\/antoniojosebotelho.com.br\/br\/wp-content\/uploads\/2019\/04\/img_capa-head2.png","width":240,"height":32,"caption":"abotelho"},"logo":{"@id":"http:\/\/antoniojosebotelho.com.br\/br\/wp-content\/uploads\/2019\/04\/img_capa-head2.png"}}]}},"_links":{"self":[{"href":"http:\/\/antoniojosebotelho.com.br\/br\/wp-json\/wp\/v2\/posts\/121","targetHints":{"allow":["GET"]}}],"collection":[{"href":"http:\/\/antoniojosebotelho.com.br\/br\/wp-json\/wp\/v2\/posts"}],"about":[{"href":"http:\/\/antoniojosebotelho.com.br\/br\/wp-json\/wp\/v2\/types\/post"}],"author":[{"embeddable":true,"href":"http:\/\/antoniojosebotelho.com.br\/br\/wp-json\/wp\/v2\/users\/1"}],"replies":[{"embeddable":true,"href":"http:\/\/antoniojosebotelho.com.br\/br\/wp-json\/wp\/v2\/comments?post=121"}],"version-history":[{"count":4,"href":"http:\/\/antoniojosebotelho.com.br\/br\/wp-json\/wp\/v2\/posts\/121\/revisions"}],"predecessor-version":[{"id":949,"href":"http:\/\/antoniojosebotelho.com.br\/br\/wp-json\/wp\/v2\/posts\/121\/revisions\/949"}],"wp:featuredmedia":[{"embeddable":true,"href":"http:\/\/antoniojosebotelho.com.br\/br\/wp-json\/wp\/v2\/media\/88"}],"wp:attachment":[{"href":"http:\/\/antoniojosebotelho.com.br\/br\/wp-json\/wp\/v2\/media?parent=121"}],"wp:term":[{"taxonomy":"category","embeddable":true,"href":"http:\/\/antoniojosebotelho.com.br\/br\/wp-json\/wp\/v2\/categories?post=121"},{"taxonomy":"post_tag","embeddable":true,"href":"http:\/\/antoniojosebotelho.com.br\/br\/wp-json\/wp\/v2\/tags?post=121"}],"curies":[{"name":"wp","href":"https:\/\/api.w.org\/{rel}","templated":true}]}}