{"id":123,"date":"2019-05-12T02:18:41","date_gmt":"2019-05-12T02:18:41","guid":{"rendered":"http:\/\/antoniojosebotelho.com.br\/br\/?p=123"},"modified":"2020-02-03T22:36:48","modified_gmt":"2020-02-04T02:36:48","slug":"trajetoria-tecnologica-alternativa-o-acaso-amazonico-um-enfoque-a-partir-do-projeto-zfm","status":"publish","type":"post","link":"http:\/\/antoniojosebotelho.com.br\/br\/2019\/05\/12\/trajetoria-tecnologica-alternativa-o-acaso-amazonico-um-enfoque-a-partir-do-projeto-zfm\/","title":{"rendered":"Trajet\u00f3ria tecnol\u00f3gica alternativa (o acaso amaz\u00f4nico): um enfoque a partir do projeto zfm"},"content":{"rendered":"\n<p>Em sua trajet\u00f3ria profissional e acad\u00eamica, Ant\u00f4nio Botelho por ser um apaixonado pelas ci\u00eancias pol\u00edticas tem manifestado livremente seus pensamentos sobre a problem\u00e1tica do desenvolvimento da Amaz\u00f4nia.<\/p>\n\n\n\n<p>Como funcion\u00e1rio, ele nunca se omitiu em expor publicamente suas id\u00e9ias, muitas vezes contr\u00e1rias, \u00e0s pol\u00edticas e a\u00e7\u00f5es assumidas pela SUFRAMA, institui\u00e7\u00e3o onde trabalha, na condu\u00e7\u00e3o do projeto ZFM, hoje denominado de PIM.<\/p>\n\n\n\n<p>Como professor e em suas contribui\u00e7\u00f5es liter\u00e1rias, o autor tem procurado estimular dirigentes p\u00fablicos, empres\u00e1rios, pesquisadores e acad\u00eamicos ao debate em busca de melhores solu\u00e7\u00f5es de modelos de desenvolvimento para a regi\u00e3o. Ao reunir nesta publica\u00e7\u00e3o uma s\u00e9rie de artigos sobre a tem\u00e1tica do desenvolvimento, ele nos permite refletir sobre o processo de industrializa\u00e7\u00e3o brasileira, seus reflexos e, sobretudo, o impacto do projeto ZFM no modelo industrial que passou a predominar no Amazonas a partir da segunda metade do s\u00e9culo passado.<\/p>\n\n\n\n<p>Ao estabelecer uma compara\u00e7\u00e3o interessante pela op\u00e7\u00e3o de pol\u00edticas p\u00fablicas, baseadas em conceitos de \u201ccapacidades est\u00e1ticas\u201d como principal estrat\u00e9gia de desenvolvimento para o estado, fica clara a escolha equivocada se confrontada com estrat\u00e9gias baseadas em conceitos de \u201ccapacidades din\u00e2micas\u201d, adotadas por pa\u00edses desenvolvidos e alguns em processo de industrializa\u00e7\u00e3o que<\/p>\n\n\n\n<p>eram mais atrasados e hoje j\u00e1 superam o Brasil.<\/p>\n\n\n\n<p>Recursos naturais, m\u00e3o-de-obra barata e incentivos fiscais como estrat\u00e9gias competitivas de capacidades est\u00e1ticas tendem a aprofundar a dist\u00e2ncia de pa\u00edses em desenvolvimento para pa\u00edses que optaram por criar vantagens competitivas din\u00e2micas. Estas s\u00e3o baseadas no conhecimento tais como o fortalecimento de intra- estrutura em C&amp;T; incentivo \u00e0 inova\u00e7\u00e3o, transfer\u00eancia, endogeneiza\u00e7\u00e3o, desenvolvimento e difus\u00e3o de tecnologias; e forma\u00e7\u00e3o de pessoas.<\/p>\n\n\n\n<p>Al\u00e9m disso, a globaliza\u00e7\u00e3o tem provocado um movimento, mesmo em pa\u00edses desenvolvidos, na busca de instrumentos que tornem suas empresas mais competitivas, protejam seus empregos e ind\u00fastrias. Assim, a busca de uma identidade e do desenvolvimento sustent\u00e1vel do Amazonas, para romper com a \u201csina da tardialidade\u201d, implica em se adotar no \u201cch\u00e3o amaz\u00f4nico\u201d, como denomina o autor, estrat\u00e9gias que s\u00e3o convergentes com as daqueles pa\u00edses como a constru\u00e7\u00e3o de Sistema Local de Inova\u00e7\u00e3o para acelerar a capacita\u00e7\u00e3o tecnol\u00f3gica end\u00f3gena, valorizar os recursos naturais e preservar a soberania.<\/p>\n\n\n\n<p>Dimas Jos\u00e9 Lasmar<\/p>\n\n\n\n<p><em>Doutorando em Engenharia de Produ\u00e7\u00e3o pela UFRJ\/COPPE<\/em><\/p>\n\n\n\n<p><\/p>\n\n\n\n<p><a href=\"http:\/\/antoniojosebotelho.com.br\/br\/wp-content\/uploads\/2020\/02\/tecnologica-livro-completo-versao-noventa.pdf\" target=\"_blank\" rel=\"noreferrer noopener\" aria-label=\"Acesse este livro em PDF. Clique aqui (abre numa nova aba)\">Acesse este livro em PDF. Clique aqui<\/a>.<\/p>\n","protected":false},"excerpt":{"rendered":"<p>Em sua trajet\u00f3ria profissional e acad\u00eamica, Ant\u00f4nio Botelho por ser um apaixonado pelas ci\u00eancias pol\u00edticas tem manifestado livremente seus pensamentos sobre a problem\u00e1tica do desenvolvimento da Amaz\u00f4nia. Como funcion\u00e1rio, ele nunca se omitiu em expor publicamente suas id\u00e9ias, muitas vezes contr\u00e1rias, \u00e0s pol\u00edticas e a\u00e7\u00f5es assumidas pela SUFRAMA, institui\u00e7\u00e3o onde trabalha, na condu\u00e7\u00e3o do projeto [&hellip;]<\/p>\n","protected":false},"author":1,"featured_media":90,"comment_status":"closed","ping_status":"open","sticky":false,"template":"","format":"standard","meta":{"footnotes":""},"categories":[3],"tags":[],"class_list":["post-123","post","type-post","status-publish","format-standard","has-post-thumbnail","hentry","category-livros"],"yoast_head":"<!-- This site is optimized with the Yoast SEO plugin v27.4 - https:\/\/yoast.com\/product\/yoast-seo-wordpress\/ -->\n<title>Trajet\u00f3ria tecnol\u00f3gica alternativa (o acaso amaz\u00f4nico): um enfoque a partir do projeto zfm - Ant\u00f4nio Jos\u00e9 Botelho<\/title>\n<meta name=\"robots\" content=\"noindex, follow\" \/>\n<meta property=\"og:locale\" content=\"pt_BR\" \/>\n<meta property=\"og:type\" content=\"article\" \/>\n<meta property=\"og:title\" content=\"Trajet\u00f3ria tecnol\u00f3gica alternativa (o acaso amaz\u00f4nico): um enfoque a partir do projeto zfm - Ant\u00f4nio Jos\u00e9 Botelho\" \/>\n<meta property=\"og:description\" content=\"Em sua trajet\u00f3ria profissional e acad\u00eamica, Ant\u00f4nio Botelho por ser um apaixonado pelas ci\u00eancias pol\u00edticas tem manifestado livremente seus pensamentos sobre a problem\u00e1tica do desenvolvimento da Amaz\u00f4nia. Como funcion\u00e1rio, ele nunca se omitiu em expor publicamente suas id\u00e9ias, muitas vezes contr\u00e1rias, \u00e0s pol\u00edticas e a\u00e7\u00f5es assumidas pela SUFRAMA, institui\u00e7\u00e3o onde trabalha, na condu\u00e7\u00e3o do projeto [&hellip;]\" \/>\n<meta property=\"og:url\" content=\"http:\/\/antoniojosebotelho.com.br\/br\/2019\/05\/12\/trajetoria-tecnologica-alternativa-o-acaso-amazonico-um-enfoque-a-partir-do-projeto-zfm\/\" \/>\n<meta property=\"og:site_name\" content=\"Ant\u00f4nio Jos\u00e9 Botelho\" \/>\n<meta property=\"article:published_time\" content=\"2019-05-12T02:18:41+00:00\" \/>\n<meta property=\"article:modified_time\" content=\"2020-02-04T02:36:48+00:00\" \/>\n<meta property=\"og:image\" content=\"http:\/\/antoniojosebotelho.com.br\/br\/wp-content\/uploads\/2019\/05\/2004_trajetoria-tecnologica.png\" \/>\n\t<meta property=\"og:image:width\" content=\"577\" \/>\n\t<meta property=\"og:image:height\" content=\"812\" \/>\n\t<meta property=\"og:image:type\" content=\"image\/png\" \/>\n<meta name=\"author\" content=\"abotelho\" \/>\n<meta name=\"twitter:card\" content=\"summary_large_image\" \/>\n<meta name=\"twitter:label1\" content=\"Escrito por\" \/>\n\t<meta name=\"twitter:data1\" content=\"abotelho\" \/>\n\t<meta name=\"twitter:label2\" content=\"Est. tempo de leitura\" \/>\n\t<meta name=\"twitter:data2\" content=\"2 minutos\" \/>\n<script type=\"application\/ld+json\" class=\"yoast-schema-graph\">{\"@context\":\"https:\\\/\\\/schema.org\",\"@graph\":[{\"@type\":\"Article\",\"@id\":\"http:\\\/\\\/antoniojosebotelho.com.br\\\/br\\\/2019\\\/05\\\/12\\\/trajetoria-tecnologica-alternativa-o-acaso-amazonico-um-enfoque-a-partir-do-projeto-zfm\\\/#article\",\"isPartOf\":{\"@id\":\"http:\\\/\\\/antoniojosebotelho.com.br\\\/br\\\/2019\\\/05\\\/12\\\/trajetoria-tecnologica-alternativa-o-acaso-amazonico-um-enfoque-a-partir-do-projeto-zfm\\\/\"},\"author\":{\"name\":\"abotelho\",\"@id\":\"http:\\\/\\\/antoniojosebotelho.com.br\\\/br\\\/#\\\/schema\\\/person\\\/43d740221d9216f49d857c5020d14dbc\"},\"headline\":\"Trajet\u00f3ria tecnol\u00f3gica alternativa (o acaso amaz\u00f4nico): um enfoque a partir do projeto zfm\",\"datePublished\":\"2019-05-12T02:18:41+00:00\",\"dateModified\":\"2020-02-04T02:36:48+00:00\",\"mainEntityOfPage\":{\"@id\":\"http:\\\/\\\/antoniojosebotelho.com.br\\\/br\\\/2019\\\/05\\\/12\\\/trajetoria-tecnologica-alternativa-o-acaso-amazonico-um-enfoque-a-partir-do-projeto-zfm\\\/\"},\"wordCount\":446,\"publisher\":{\"@id\":\"http:\\\/\\\/antoniojosebotelho.com.br\\\/br\\\/#\\\/schema\\\/person\\\/43d740221d9216f49d857c5020d14dbc\"},\"image\":{\"@id\":\"http:\\\/\\\/antoniojosebotelho.com.br\\\/br\\\/2019\\\/05\\\/12\\\/trajetoria-tecnologica-alternativa-o-acaso-amazonico-um-enfoque-a-partir-do-projeto-zfm\\\/#primaryimage\"},\"thumbnailUrl\":\"http:\\\/\\\/antoniojosebotelho.com.br\\\/br\\\/wp-content\\\/uploads\\\/2019\\\/05\\\/2004_trajetoria-tecnologica.png\",\"articleSection\":[\"Livros\"],\"inLanguage\":\"pt-BR\"},{\"@type\":\"WebPage\",\"@id\":\"http:\\\/\\\/antoniojosebotelho.com.br\\\/br\\\/2019\\\/05\\\/12\\\/trajetoria-tecnologica-alternativa-o-acaso-amazonico-um-enfoque-a-partir-do-projeto-zfm\\\/\",\"url\":\"http:\\\/\\\/antoniojosebotelho.com.br\\\/br\\\/2019\\\/05\\\/12\\\/trajetoria-tecnologica-alternativa-o-acaso-amazonico-um-enfoque-a-partir-do-projeto-zfm\\\/\",\"name\":\"Trajet\u00f3ria tecnol\u00f3gica alternativa (o acaso amaz\u00f4nico): um enfoque a partir do projeto zfm - Ant\u00f4nio Jos\u00e9 Botelho\",\"isPartOf\":{\"@id\":\"http:\\\/\\\/antoniojosebotelho.com.br\\\/br\\\/#website\"},\"primaryImageOfPage\":{\"@id\":\"http:\\\/\\\/antoniojosebotelho.com.br\\\/br\\\/2019\\\/05\\\/12\\\/trajetoria-tecnologica-alternativa-o-acaso-amazonico-um-enfoque-a-partir-do-projeto-zfm\\\/#primaryimage\"},\"image\":{\"@id\":\"http:\\\/\\\/antoniojosebotelho.com.br\\\/br\\\/2019\\\/05\\\/12\\\/trajetoria-tecnologica-alternativa-o-acaso-amazonico-um-enfoque-a-partir-do-projeto-zfm\\\/#primaryimage\"},\"thumbnailUrl\":\"http:\\\/\\\/antoniojosebotelho.com.br\\\/br\\\/wp-content\\\/uploads\\\/2019\\\/05\\\/2004_trajetoria-tecnologica.png\",\"datePublished\":\"2019-05-12T02:18:41+00:00\",\"dateModified\":\"2020-02-04T02:36:48+00:00\",\"breadcrumb\":{\"@id\":\"http:\\\/\\\/antoniojosebotelho.com.br\\\/br\\\/2019\\\/05\\\/12\\\/trajetoria-tecnologica-alternativa-o-acaso-amazonico-um-enfoque-a-partir-do-projeto-zfm\\\/#breadcrumb\"},\"inLanguage\":\"pt-BR\",\"potentialAction\":[{\"@type\":\"ReadAction\",\"target\":[\"http:\\\/\\\/antoniojosebotelho.com.br\\\/br\\\/2019\\\/05\\\/12\\\/trajetoria-tecnologica-alternativa-o-acaso-amazonico-um-enfoque-a-partir-do-projeto-zfm\\\/\"]}]},{\"@type\":\"ImageObject\",\"inLanguage\":\"pt-BR\",\"@id\":\"http:\\\/\\\/antoniojosebotelho.com.br\\\/br\\\/2019\\\/05\\\/12\\\/trajetoria-tecnologica-alternativa-o-acaso-amazonico-um-enfoque-a-partir-do-projeto-zfm\\\/#primaryimage\",\"url\":\"http:\\\/\\\/antoniojosebotelho.com.br\\\/br\\\/wp-content\\\/uploads\\\/2019\\\/05\\\/2004_trajetoria-tecnologica.png\",\"contentUrl\":\"http:\\\/\\\/antoniojosebotelho.com.br\\\/br\\\/wp-content\\\/uploads\\\/2019\\\/05\\\/2004_trajetoria-tecnologica.png\",\"width\":577,\"height\":812},{\"@type\":\"BreadcrumbList\",\"@id\":\"http:\\\/\\\/antoniojosebotelho.com.br\\\/br\\\/2019\\\/05\\\/12\\\/trajetoria-tecnologica-alternativa-o-acaso-amazonico-um-enfoque-a-partir-do-projeto-zfm\\\/#breadcrumb\",\"itemListElement\":[{\"@type\":\"ListItem\",\"position\":1,\"name\":\"In\u00edcio\",\"item\":\"http:\\\/\\\/antoniojosebotelho.com.br\\\/br\\\/\"},{\"@type\":\"ListItem\",\"position\":2,\"name\":\"Trajet\u00f3ria tecnol\u00f3gica alternativa (o acaso amaz\u00f4nico): um enfoque a partir do projeto zfm\"}]},{\"@type\":\"WebSite\",\"@id\":\"http:\\\/\\\/antoniojosebotelho.com.br\\\/br\\\/#website\",\"url\":\"http:\\\/\\\/antoniojosebotelho.com.br\\\/br\\\/\",\"name\":\"Ant\u00f4nio Jos\u00e9 Botelho\",\"description\":\"Publica\u00e7\u00f5es e Artigos.\",\"publisher\":{\"@id\":\"http:\\\/\\\/antoniojosebotelho.com.br\\\/br\\\/#\\\/schema\\\/person\\\/43d740221d9216f49d857c5020d14dbc\"},\"potentialAction\":[{\"@type\":\"SearchAction\",\"target\":{\"@type\":\"EntryPoint\",\"urlTemplate\":\"http:\\\/\\\/antoniojosebotelho.com.br\\\/br\\\/?s={search_term_string}\"},\"query-input\":{\"@type\":\"PropertyValueSpecification\",\"valueRequired\":true,\"valueName\":\"search_term_string\"}}],\"inLanguage\":\"pt-BR\"},{\"@type\":[\"Person\",\"Organization\"],\"@id\":\"http:\\\/\\\/antoniojosebotelho.com.br\\\/br\\\/#\\\/schema\\\/person\\\/43d740221d9216f49d857c5020d14dbc\",\"name\":\"abotelho\",\"image\":{\"@type\":\"ImageObject\",\"inLanguage\":\"pt-BR\",\"@id\":\"http:\\\/\\\/antoniojosebotelho.com.br\\\/br\\\/wp-content\\\/uploads\\\/2019\\\/04\\\/img_capa-head2.png\",\"url\":\"http:\\\/\\\/antoniojosebotelho.com.br\\\/br\\\/wp-content\\\/uploads\\\/2019\\\/04\\\/img_capa-head2.png\",\"contentUrl\":\"http:\\\/\\\/antoniojosebotelho.com.br\\\/br\\\/wp-content\\\/uploads\\\/2019\\\/04\\\/img_capa-head2.png\",\"width\":240,\"height\":32,\"caption\":\"abotelho\"},\"logo\":{\"@id\":\"http:\\\/\\\/antoniojosebotelho.com.br\\\/br\\\/wp-content\\\/uploads\\\/2019\\\/04\\\/img_capa-head2.png\"}}]}<\/script>\n<!-- \/ Yoast SEO plugin. -->","yoast_head_json":{"title":"Trajet\u00f3ria tecnol\u00f3gica alternativa (o acaso amaz\u00f4nico): um enfoque a partir do projeto zfm - Ant\u00f4nio Jos\u00e9 Botelho","robots":{"index":"noindex","follow":"follow"},"og_locale":"pt_BR","og_type":"article","og_title":"Trajet\u00f3ria tecnol\u00f3gica alternativa (o acaso amaz\u00f4nico): um enfoque a partir do projeto zfm - Ant\u00f4nio Jos\u00e9 Botelho","og_description":"Em sua trajet\u00f3ria profissional e acad\u00eamica, Ant\u00f4nio Botelho por ser um apaixonado pelas ci\u00eancias pol\u00edticas tem manifestado livremente seus pensamentos sobre a problem\u00e1tica do desenvolvimento da Amaz\u00f4nia. Como funcion\u00e1rio, ele nunca se omitiu em expor publicamente suas id\u00e9ias, muitas vezes contr\u00e1rias, \u00e0s pol\u00edticas e a\u00e7\u00f5es assumidas pela SUFRAMA, institui\u00e7\u00e3o onde trabalha, na condu\u00e7\u00e3o do projeto [&hellip;]","og_url":"http:\/\/antoniojosebotelho.com.br\/br\/2019\/05\/12\/trajetoria-tecnologica-alternativa-o-acaso-amazonico-um-enfoque-a-partir-do-projeto-zfm\/","og_site_name":"Ant\u00f4nio Jos\u00e9 Botelho","article_published_time":"2019-05-12T02:18:41+00:00","article_modified_time":"2020-02-04T02:36:48+00:00","og_image":[{"width":577,"height":812,"url":"http:\/\/antoniojosebotelho.com.br\/br\/wp-content\/uploads\/2019\/05\/2004_trajetoria-tecnologica.png","type":"image\/png"}],"author":"abotelho","twitter_card":"summary_large_image","twitter_misc":{"Escrito por":"abotelho","Est. tempo de leitura":"2 minutos"},"schema":{"@context":"https:\/\/schema.org","@graph":[{"@type":"Article","@id":"http:\/\/antoniojosebotelho.com.br\/br\/2019\/05\/12\/trajetoria-tecnologica-alternativa-o-acaso-amazonico-um-enfoque-a-partir-do-projeto-zfm\/#article","isPartOf":{"@id":"http:\/\/antoniojosebotelho.com.br\/br\/2019\/05\/12\/trajetoria-tecnologica-alternativa-o-acaso-amazonico-um-enfoque-a-partir-do-projeto-zfm\/"},"author":{"name":"abotelho","@id":"http:\/\/antoniojosebotelho.com.br\/br\/#\/schema\/person\/43d740221d9216f49d857c5020d14dbc"},"headline":"Trajet\u00f3ria tecnol\u00f3gica alternativa (o acaso amaz\u00f4nico): um enfoque a partir do projeto zfm","datePublished":"2019-05-12T02:18:41+00:00","dateModified":"2020-02-04T02:36:48+00:00","mainEntityOfPage":{"@id":"http:\/\/antoniojosebotelho.com.br\/br\/2019\/05\/12\/trajetoria-tecnologica-alternativa-o-acaso-amazonico-um-enfoque-a-partir-do-projeto-zfm\/"},"wordCount":446,"publisher":{"@id":"http:\/\/antoniojosebotelho.com.br\/br\/#\/schema\/person\/43d740221d9216f49d857c5020d14dbc"},"image":{"@id":"http:\/\/antoniojosebotelho.com.br\/br\/2019\/05\/12\/trajetoria-tecnologica-alternativa-o-acaso-amazonico-um-enfoque-a-partir-do-projeto-zfm\/#primaryimage"},"thumbnailUrl":"http:\/\/antoniojosebotelho.com.br\/br\/wp-content\/uploads\/2019\/05\/2004_trajetoria-tecnologica.png","articleSection":["Livros"],"inLanguage":"pt-BR"},{"@type":"WebPage","@id":"http:\/\/antoniojosebotelho.com.br\/br\/2019\/05\/12\/trajetoria-tecnologica-alternativa-o-acaso-amazonico-um-enfoque-a-partir-do-projeto-zfm\/","url":"http:\/\/antoniojosebotelho.com.br\/br\/2019\/05\/12\/trajetoria-tecnologica-alternativa-o-acaso-amazonico-um-enfoque-a-partir-do-projeto-zfm\/","name":"Trajet\u00f3ria tecnol\u00f3gica alternativa (o acaso amaz\u00f4nico): um enfoque a partir do projeto zfm - Ant\u00f4nio Jos\u00e9 Botelho","isPartOf":{"@id":"http:\/\/antoniojosebotelho.com.br\/br\/#website"},"primaryImageOfPage":{"@id":"http:\/\/antoniojosebotelho.com.br\/br\/2019\/05\/12\/trajetoria-tecnologica-alternativa-o-acaso-amazonico-um-enfoque-a-partir-do-projeto-zfm\/#primaryimage"},"image":{"@id":"http:\/\/antoniojosebotelho.com.br\/br\/2019\/05\/12\/trajetoria-tecnologica-alternativa-o-acaso-amazonico-um-enfoque-a-partir-do-projeto-zfm\/#primaryimage"},"thumbnailUrl":"http:\/\/antoniojosebotelho.com.br\/br\/wp-content\/uploads\/2019\/05\/2004_trajetoria-tecnologica.png","datePublished":"2019-05-12T02:18:41+00:00","dateModified":"2020-02-04T02:36:48+00:00","breadcrumb":{"@id":"http:\/\/antoniojosebotelho.com.br\/br\/2019\/05\/12\/trajetoria-tecnologica-alternativa-o-acaso-amazonico-um-enfoque-a-partir-do-projeto-zfm\/#breadcrumb"},"inLanguage":"pt-BR","potentialAction":[{"@type":"ReadAction","target":["http:\/\/antoniojosebotelho.com.br\/br\/2019\/05\/12\/trajetoria-tecnologica-alternativa-o-acaso-amazonico-um-enfoque-a-partir-do-projeto-zfm\/"]}]},{"@type":"ImageObject","inLanguage":"pt-BR","@id":"http:\/\/antoniojosebotelho.com.br\/br\/2019\/05\/12\/trajetoria-tecnologica-alternativa-o-acaso-amazonico-um-enfoque-a-partir-do-projeto-zfm\/#primaryimage","url":"http:\/\/antoniojosebotelho.com.br\/br\/wp-content\/uploads\/2019\/05\/2004_trajetoria-tecnologica.png","contentUrl":"http:\/\/antoniojosebotelho.com.br\/br\/wp-content\/uploads\/2019\/05\/2004_trajetoria-tecnologica.png","width":577,"height":812},{"@type":"BreadcrumbList","@id":"http:\/\/antoniojosebotelho.com.br\/br\/2019\/05\/12\/trajetoria-tecnologica-alternativa-o-acaso-amazonico-um-enfoque-a-partir-do-projeto-zfm\/#breadcrumb","itemListElement":[{"@type":"ListItem","position":1,"name":"In\u00edcio","item":"http:\/\/antoniojosebotelho.com.br\/br\/"},{"@type":"ListItem","position":2,"name":"Trajet\u00f3ria tecnol\u00f3gica alternativa (o acaso amaz\u00f4nico): um enfoque a partir do projeto zfm"}]},{"@type":"WebSite","@id":"http:\/\/antoniojosebotelho.com.br\/br\/#website","url":"http:\/\/antoniojosebotelho.com.br\/br\/","name":"Ant\u00f4nio Jos\u00e9 Botelho","description":"Publica\u00e7\u00f5es e Artigos.","publisher":{"@id":"http:\/\/antoniojosebotelho.com.br\/br\/#\/schema\/person\/43d740221d9216f49d857c5020d14dbc"},"potentialAction":[{"@type":"SearchAction","target":{"@type":"EntryPoint","urlTemplate":"http:\/\/antoniojosebotelho.com.br\/br\/?s={search_term_string}"},"query-input":{"@type":"PropertyValueSpecification","valueRequired":true,"valueName":"search_term_string"}}],"inLanguage":"pt-BR"},{"@type":["Person","Organization"],"@id":"http:\/\/antoniojosebotelho.com.br\/br\/#\/schema\/person\/43d740221d9216f49d857c5020d14dbc","name":"abotelho","image":{"@type":"ImageObject","inLanguage":"pt-BR","@id":"http:\/\/antoniojosebotelho.com.br\/br\/wp-content\/uploads\/2019\/04\/img_capa-head2.png","url":"http:\/\/antoniojosebotelho.com.br\/br\/wp-content\/uploads\/2019\/04\/img_capa-head2.png","contentUrl":"http:\/\/antoniojosebotelho.com.br\/br\/wp-content\/uploads\/2019\/04\/img_capa-head2.png","width":240,"height":32,"caption":"abotelho"},"logo":{"@id":"http:\/\/antoniojosebotelho.com.br\/br\/wp-content\/uploads\/2019\/04\/img_capa-head2.png"}}]}},"_links":{"self":[{"href":"http:\/\/antoniojosebotelho.com.br\/br\/wp-json\/wp\/v2\/posts\/123","targetHints":{"allow":["GET"]}}],"collection":[{"href":"http:\/\/antoniojosebotelho.com.br\/br\/wp-json\/wp\/v2\/posts"}],"about":[{"href":"http:\/\/antoniojosebotelho.com.br\/br\/wp-json\/wp\/v2\/types\/post"}],"author":[{"embeddable":true,"href":"http:\/\/antoniojosebotelho.com.br\/br\/wp-json\/wp\/v2\/users\/1"}],"replies":[{"embeddable":true,"href":"http:\/\/antoniojosebotelho.com.br\/br\/wp-json\/wp\/v2\/comments?post=123"}],"version-history":[{"count":6,"href":"http:\/\/antoniojosebotelho.com.br\/br\/wp-json\/wp\/v2\/posts\/123\/revisions"}],"predecessor-version":[{"id":941,"href":"http:\/\/antoniojosebotelho.com.br\/br\/wp-json\/wp\/v2\/posts\/123\/revisions\/941"}],"wp:featuredmedia":[{"embeddable":true,"href":"http:\/\/antoniojosebotelho.com.br\/br\/wp-json\/wp\/v2\/media\/90"}],"wp:attachment":[{"href":"http:\/\/antoniojosebotelho.com.br\/br\/wp-json\/wp\/v2\/media?parent=123"}],"wp:term":[{"taxonomy":"category","embeddable":true,"href":"http:\/\/antoniojosebotelho.com.br\/br\/wp-json\/wp\/v2\/categories?post=123"},{"taxonomy":"post_tag","embeddable":true,"href":"http:\/\/antoniojosebotelho.com.br\/br\/wp-json\/wp\/v2\/tags?post=123"}],"curies":[{"name":"wp","href":"https:\/\/api.w.org\/{rel}","templated":true}]}}