{"id":129,"date":"2019-05-12T02:22:22","date_gmt":"2019-05-12T02:22:22","guid":{"rendered":"http:\/\/antoniojosebotelho.com.br\/br\/?p=129"},"modified":"2021-05-08T16:01:53","modified_gmt":"2021-05-08T20:01:53","slug":"cartas-manifestacoes-reflexoes-e-reproducoes-espiritualidade-e-cidadania-org","status":"publish","type":"post","link":"http:\/\/antoniojosebotelho.com.br\/br\/2019\/05\/12\/cartas-manifestacoes-reflexoes-e-reproducoes-espiritualidade-e-cidadania-org\/","title":{"rendered":"Cartas manifesta\u00e7\u00f5es reflex\u00f5es e reprodu\u00e7\u00f5es: espiritualidade e cidadania (org.)"},"content":{"rendered":"\n<p>Retornou a P\u00e1tria Espiritual aos 88 anos de idade em 2005 o dedicado trabalhador das lides esp\u00edritas Sr. Sebasti\u00e3o Botelho J\u00fanior, natural de Humait\u00e1-AM, deixando um rastro luminoso de trabalhos edificantes e significativos, de bons exemplos, como chefe de fam\u00edlia, dedica\u00e7\u00e3o e compet\u00eancia doutrin\u00e1ria do espiritismo.<\/p>\n\n\n\n<p><a href=\"http:\/\/antoniojosebotelho.com.br\/br\/wp-content\/uploads\/2021\/05\/Cartas-manifestacoes-reflexoes-e-reproducoes.pdf\" target=\"_blank\" rel=\"noreferrer noopener\">Livro dispon\u00edvel em PDF, clique aqui.<\/a><\/p>\n","protected":false},"excerpt":{"rendered":"<p>Retornou a P\u00e1tria Espiritual aos 88 anos de idade em 2005 o dedicado trabalhador das lides esp\u00edritas Sr. Sebasti\u00e3o Botelho J\u00fanior, natural de Humait\u00e1-AM, deixando um rastro luminoso de trabalhos edificantes e significativos, de bons exemplos, como chefe de fam\u00edlia, dedica\u00e7\u00e3o e compet\u00eancia doutrin\u00e1ria do espiritismo. Livro dispon\u00edvel em PDF, clique aqui.<\/p>\n","protected":false},"author":1,"featured_media":91,"comment_status":"closed","ping_status":"open","sticky":false,"template":"","format":"standard","meta":{"footnotes":""},"categories":[3],"tags":[],"class_list":["post-129","post","type-post","status-publish","format-standard","has-post-thumbnail","hentry","category-livros"],"yoast_head":"<!-- This site is optimized with the Yoast SEO plugin v27.4 - https:\/\/yoast.com\/product\/yoast-seo-wordpress\/ -->\n<title>Cartas manifesta\u00e7\u00f5es reflex\u00f5es e reprodu\u00e7\u00f5es: espiritualidade e cidadania (org.) - Ant\u00f4nio Jos\u00e9 Botelho<\/title>\n<meta name=\"robots\" content=\"noindex, follow\" \/>\n<meta property=\"og:locale\" content=\"pt_BR\" \/>\n<meta property=\"og:type\" content=\"article\" \/>\n<meta property=\"og:title\" content=\"Cartas manifesta\u00e7\u00f5es reflex\u00f5es e reprodu\u00e7\u00f5es: espiritualidade e cidadania (org.) - Ant\u00f4nio Jos\u00e9 Botelho\" \/>\n<meta property=\"og:description\" content=\"Retornou a P\u00e1tria Espiritual aos 88 anos de idade em 2005 o dedicado trabalhador das lides esp\u00edritas Sr. Sebasti\u00e3o Botelho J\u00fanior, natural de Humait\u00e1-AM, deixando um rastro luminoso de trabalhos edificantes e significativos, de bons exemplos, como chefe de fam\u00edlia, dedica\u00e7\u00e3o e compet\u00eancia doutrin\u00e1ria do espiritismo. Livro dispon\u00edvel em PDF, clique aqui.\" \/>\n<meta property=\"og:url\" content=\"http:\/\/antoniojosebotelho.com.br\/br\/2019\/05\/12\/cartas-manifestacoes-reflexoes-e-reproducoes-espiritualidade-e-cidadania-org\/\" \/>\n<meta property=\"og:site_name\" content=\"Ant\u00f4nio Jos\u00e9 Botelho\" \/>\n<meta property=\"article:published_time\" content=\"2019-05-12T02:22:22+00:00\" \/>\n<meta property=\"article:modified_time\" content=\"2021-05-08T20:01:53+00:00\" \/>\n<meta property=\"og:image\" content=\"http:\/\/antoniojosebotelho.com.br\/br\/wp-content\/uploads\/2019\/05\/2006_cartas-manifestacoes.png\" \/>\n\t<meta property=\"og:image:width\" content=\"577\" \/>\n\t<meta property=\"og:image:height\" content=\"812\" \/>\n\t<meta property=\"og:image:type\" content=\"image\/png\" \/>\n<meta name=\"author\" content=\"abotelho\" \/>\n<meta name=\"twitter:card\" content=\"summary_large_image\" \/>\n<meta name=\"twitter:label1\" content=\"Escrito por\" \/>\n\t<meta name=\"twitter:data1\" content=\"abotelho\" \/>\n\t<meta name=\"twitter:label2\" content=\"Est. tempo de leitura\" \/>\n\t<meta name=\"twitter:data2\" content=\"1 minuto\" \/>\n<script type=\"application\/ld+json\" class=\"yoast-schema-graph\">{\"@context\":\"https:\\\/\\\/schema.org\",\"@graph\":[{\"@type\":\"Article\",\"@id\":\"http:\\\/\\\/antoniojosebotelho.com.br\\\/br\\\/2019\\\/05\\\/12\\\/cartas-manifestacoes-reflexoes-e-reproducoes-espiritualidade-e-cidadania-org\\\/#article\",\"isPartOf\":{\"@id\":\"http:\\\/\\\/antoniojosebotelho.com.br\\\/br\\\/2019\\\/05\\\/12\\\/cartas-manifestacoes-reflexoes-e-reproducoes-espiritualidade-e-cidadania-org\\\/\"},\"author\":{\"name\":\"abotelho\",\"@id\":\"http:\\\/\\\/antoniojosebotelho.com.br\\\/br\\\/#\\\/schema\\\/person\\\/43d740221d9216f49d857c5020d14dbc\"},\"headline\":\"Cartas manifesta\u00e7\u00f5es reflex\u00f5es e reprodu\u00e7\u00f5es: espiritualidade e cidadania (org.)\",\"datePublished\":\"2019-05-12T02:22:22+00:00\",\"dateModified\":\"2021-05-08T20:01:53+00:00\",\"mainEntityOfPage\":{\"@id\":\"http:\\\/\\\/antoniojosebotelho.com.br\\\/br\\\/2019\\\/05\\\/12\\\/cartas-manifestacoes-reflexoes-e-reproducoes-espiritualidade-e-cidadania-org\\\/\"},\"wordCount\":72,\"publisher\":{\"@id\":\"http:\\\/\\\/antoniojosebotelho.com.br\\\/br\\\/#\\\/schema\\\/person\\\/43d740221d9216f49d857c5020d14dbc\"},\"image\":{\"@id\":\"http:\\\/\\\/antoniojosebotelho.com.br\\\/br\\\/2019\\\/05\\\/12\\\/cartas-manifestacoes-reflexoes-e-reproducoes-espiritualidade-e-cidadania-org\\\/#primaryimage\"},\"thumbnailUrl\":\"http:\\\/\\\/antoniojosebotelho.com.br\\\/br\\\/wp-content\\\/uploads\\\/2019\\\/05\\\/2006_cartas-manifestacoes.png\",\"articleSection\":[\"Livros\"],\"inLanguage\":\"pt-BR\"},{\"@type\":\"WebPage\",\"@id\":\"http:\\\/\\\/antoniojosebotelho.com.br\\\/br\\\/2019\\\/05\\\/12\\\/cartas-manifestacoes-reflexoes-e-reproducoes-espiritualidade-e-cidadania-org\\\/\",\"url\":\"http:\\\/\\\/antoniojosebotelho.com.br\\\/br\\\/2019\\\/05\\\/12\\\/cartas-manifestacoes-reflexoes-e-reproducoes-espiritualidade-e-cidadania-org\\\/\",\"name\":\"Cartas manifesta\u00e7\u00f5es reflex\u00f5es e reprodu\u00e7\u00f5es: espiritualidade e cidadania (org.) - Ant\u00f4nio Jos\u00e9 Botelho\",\"isPartOf\":{\"@id\":\"http:\\\/\\\/antoniojosebotelho.com.br\\\/br\\\/#website\"},\"primaryImageOfPage\":{\"@id\":\"http:\\\/\\\/antoniojosebotelho.com.br\\\/br\\\/2019\\\/05\\\/12\\\/cartas-manifestacoes-reflexoes-e-reproducoes-espiritualidade-e-cidadania-org\\\/#primaryimage\"},\"image\":{\"@id\":\"http:\\\/\\\/antoniojosebotelho.com.br\\\/br\\\/2019\\\/05\\\/12\\\/cartas-manifestacoes-reflexoes-e-reproducoes-espiritualidade-e-cidadania-org\\\/#primaryimage\"},\"thumbnailUrl\":\"http:\\\/\\\/antoniojosebotelho.com.br\\\/br\\\/wp-content\\\/uploads\\\/2019\\\/05\\\/2006_cartas-manifestacoes.png\",\"datePublished\":\"2019-05-12T02:22:22+00:00\",\"dateModified\":\"2021-05-08T20:01:53+00:00\",\"breadcrumb\":{\"@id\":\"http:\\\/\\\/antoniojosebotelho.com.br\\\/br\\\/2019\\\/05\\\/12\\\/cartas-manifestacoes-reflexoes-e-reproducoes-espiritualidade-e-cidadania-org\\\/#breadcrumb\"},\"inLanguage\":\"pt-BR\",\"potentialAction\":[{\"@type\":\"ReadAction\",\"target\":[\"http:\\\/\\\/antoniojosebotelho.com.br\\\/br\\\/2019\\\/05\\\/12\\\/cartas-manifestacoes-reflexoes-e-reproducoes-espiritualidade-e-cidadania-org\\\/\"]}]},{\"@type\":\"ImageObject\",\"inLanguage\":\"pt-BR\",\"@id\":\"http:\\\/\\\/antoniojosebotelho.com.br\\\/br\\\/2019\\\/05\\\/12\\\/cartas-manifestacoes-reflexoes-e-reproducoes-espiritualidade-e-cidadania-org\\\/#primaryimage\",\"url\":\"http:\\\/\\\/antoniojosebotelho.com.br\\\/br\\\/wp-content\\\/uploads\\\/2019\\\/05\\\/2006_cartas-manifestacoes.png\",\"contentUrl\":\"http:\\\/\\\/antoniojosebotelho.com.br\\\/br\\\/wp-content\\\/uploads\\\/2019\\\/05\\\/2006_cartas-manifestacoes.png\",\"width\":577,\"height\":812},{\"@type\":\"BreadcrumbList\",\"@id\":\"http:\\\/\\\/antoniojosebotelho.com.br\\\/br\\\/2019\\\/05\\\/12\\\/cartas-manifestacoes-reflexoes-e-reproducoes-espiritualidade-e-cidadania-org\\\/#breadcrumb\",\"itemListElement\":[{\"@type\":\"ListItem\",\"position\":1,\"name\":\"In\u00edcio\",\"item\":\"http:\\\/\\\/antoniojosebotelho.com.br\\\/br\\\/\"},{\"@type\":\"ListItem\",\"position\":2,\"name\":\"Cartas manifesta\u00e7\u00f5es reflex\u00f5es e reprodu\u00e7\u00f5es: espiritualidade e cidadania (org.)\"}]},{\"@type\":\"WebSite\",\"@id\":\"http:\\\/\\\/antoniojosebotelho.com.br\\\/br\\\/#website\",\"url\":\"http:\\\/\\\/antoniojosebotelho.com.br\\\/br\\\/\",\"name\":\"Ant\u00f4nio Jos\u00e9 Botelho\",\"description\":\"Publica\u00e7\u00f5es e Artigos.\",\"publisher\":{\"@id\":\"http:\\\/\\\/antoniojosebotelho.com.br\\\/br\\\/#\\\/schema\\\/person\\\/43d740221d9216f49d857c5020d14dbc\"},\"potentialAction\":[{\"@type\":\"SearchAction\",\"target\":{\"@type\":\"EntryPoint\",\"urlTemplate\":\"http:\\\/\\\/antoniojosebotelho.com.br\\\/br\\\/?s={search_term_string}\"},\"query-input\":{\"@type\":\"PropertyValueSpecification\",\"valueRequired\":true,\"valueName\":\"search_term_string\"}}],\"inLanguage\":\"pt-BR\"},{\"@type\":[\"Person\",\"Organization\"],\"@id\":\"http:\\\/\\\/antoniojosebotelho.com.br\\\/br\\\/#\\\/schema\\\/person\\\/43d740221d9216f49d857c5020d14dbc\",\"name\":\"abotelho\",\"image\":{\"@type\":\"ImageObject\",\"inLanguage\":\"pt-BR\",\"@id\":\"http:\\\/\\\/antoniojosebotelho.com.br\\\/br\\\/wp-content\\\/uploads\\\/2019\\\/04\\\/img_capa-head2.png\",\"url\":\"http:\\\/\\\/antoniojosebotelho.com.br\\\/br\\\/wp-content\\\/uploads\\\/2019\\\/04\\\/img_capa-head2.png\",\"contentUrl\":\"http:\\\/\\\/antoniojosebotelho.com.br\\\/br\\\/wp-content\\\/uploads\\\/2019\\\/04\\\/img_capa-head2.png\",\"width\":240,\"height\":32,\"caption\":\"abotelho\"},\"logo\":{\"@id\":\"http:\\\/\\\/antoniojosebotelho.com.br\\\/br\\\/wp-content\\\/uploads\\\/2019\\\/04\\\/img_capa-head2.png\"}}]}<\/script>\n<!-- \/ Yoast SEO plugin. -->","yoast_head_json":{"title":"Cartas manifesta\u00e7\u00f5es reflex\u00f5es e reprodu\u00e7\u00f5es: espiritualidade e cidadania (org.) - Ant\u00f4nio Jos\u00e9 Botelho","robots":{"index":"noindex","follow":"follow"},"og_locale":"pt_BR","og_type":"article","og_title":"Cartas manifesta\u00e7\u00f5es reflex\u00f5es e reprodu\u00e7\u00f5es: espiritualidade e cidadania (org.) - Ant\u00f4nio Jos\u00e9 Botelho","og_description":"Retornou a P\u00e1tria Espiritual aos 88 anos de idade em 2005 o dedicado trabalhador das lides esp\u00edritas Sr. Sebasti\u00e3o Botelho J\u00fanior, natural de Humait\u00e1-AM, deixando um rastro luminoso de trabalhos edificantes e significativos, de bons exemplos, como chefe de fam\u00edlia, dedica\u00e7\u00e3o e compet\u00eancia doutrin\u00e1ria do espiritismo. Livro dispon\u00edvel em PDF, clique aqui.","og_url":"http:\/\/antoniojosebotelho.com.br\/br\/2019\/05\/12\/cartas-manifestacoes-reflexoes-e-reproducoes-espiritualidade-e-cidadania-org\/","og_site_name":"Ant\u00f4nio Jos\u00e9 Botelho","article_published_time":"2019-05-12T02:22:22+00:00","article_modified_time":"2021-05-08T20:01:53+00:00","og_image":[{"width":577,"height":812,"url":"http:\/\/antoniojosebotelho.com.br\/br\/wp-content\/uploads\/2019\/05\/2006_cartas-manifestacoes.png","type":"image\/png"}],"author":"abotelho","twitter_card":"summary_large_image","twitter_misc":{"Escrito por":"abotelho","Est. tempo de leitura":"1 minuto"},"schema":{"@context":"https:\/\/schema.org","@graph":[{"@type":"Article","@id":"http:\/\/antoniojosebotelho.com.br\/br\/2019\/05\/12\/cartas-manifestacoes-reflexoes-e-reproducoes-espiritualidade-e-cidadania-org\/#article","isPartOf":{"@id":"http:\/\/antoniojosebotelho.com.br\/br\/2019\/05\/12\/cartas-manifestacoes-reflexoes-e-reproducoes-espiritualidade-e-cidadania-org\/"},"author":{"name":"abotelho","@id":"http:\/\/antoniojosebotelho.com.br\/br\/#\/schema\/person\/43d740221d9216f49d857c5020d14dbc"},"headline":"Cartas manifesta\u00e7\u00f5es reflex\u00f5es e reprodu\u00e7\u00f5es: espiritualidade e cidadania (org.)","datePublished":"2019-05-12T02:22:22+00:00","dateModified":"2021-05-08T20:01:53+00:00","mainEntityOfPage":{"@id":"http:\/\/antoniojosebotelho.com.br\/br\/2019\/05\/12\/cartas-manifestacoes-reflexoes-e-reproducoes-espiritualidade-e-cidadania-org\/"},"wordCount":72,"publisher":{"@id":"http:\/\/antoniojosebotelho.com.br\/br\/#\/schema\/person\/43d740221d9216f49d857c5020d14dbc"},"image":{"@id":"http:\/\/antoniojosebotelho.com.br\/br\/2019\/05\/12\/cartas-manifestacoes-reflexoes-e-reproducoes-espiritualidade-e-cidadania-org\/#primaryimage"},"thumbnailUrl":"http:\/\/antoniojosebotelho.com.br\/br\/wp-content\/uploads\/2019\/05\/2006_cartas-manifestacoes.png","articleSection":["Livros"],"inLanguage":"pt-BR"},{"@type":"WebPage","@id":"http:\/\/antoniojosebotelho.com.br\/br\/2019\/05\/12\/cartas-manifestacoes-reflexoes-e-reproducoes-espiritualidade-e-cidadania-org\/","url":"http:\/\/antoniojosebotelho.com.br\/br\/2019\/05\/12\/cartas-manifestacoes-reflexoes-e-reproducoes-espiritualidade-e-cidadania-org\/","name":"Cartas manifesta\u00e7\u00f5es reflex\u00f5es e reprodu\u00e7\u00f5es: espiritualidade e cidadania (org.) - Ant\u00f4nio Jos\u00e9 Botelho","isPartOf":{"@id":"http:\/\/antoniojosebotelho.com.br\/br\/#website"},"primaryImageOfPage":{"@id":"http:\/\/antoniojosebotelho.com.br\/br\/2019\/05\/12\/cartas-manifestacoes-reflexoes-e-reproducoes-espiritualidade-e-cidadania-org\/#primaryimage"},"image":{"@id":"http:\/\/antoniojosebotelho.com.br\/br\/2019\/05\/12\/cartas-manifestacoes-reflexoes-e-reproducoes-espiritualidade-e-cidadania-org\/#primaryimage"},"thumbnailUrl":"http:\/\/antoniojosebotelho.com.br\/br\/wp-content\/uploads\/2019\/05\/2006_cartas-manifestacoes.png","datePublished":"2019-05-12T02:22:22+00:00","dateModified":"2021-05-08T20:01:53+00:00","breadcrumb":{"@id":"http:\/\/antoniojosebotelho.com.br\/br\/2019\/05\/12\/cartas-manifestacoes-reflexoes-e-reproducoes-espiritualidade-e-cidadania-org\/#breadcrumb"},"inLanguage":"pt-BR","potentialAction":[{"@type":"ReadAction","target":["http:\/\/antoniojosebotelho.com.br\/br\/2019\/05\/12\/cartas-manifestacoes-reflexoes-e-reproducoes-espiritualidade-e-cidadania-org\/"]}]},{"@type":"ImageObject","inLanguage":"pt-BR","@id":"http:\/\/antoniojosebotelho.com.br\/br\/2019\/05\/12\/cartas-manifestacoes-reflexoes-e-reproducoes-espiritualidade-e-cidadania-org\/#primaryimage","url":"http:\/\/antoniojosebotelho.com.br\/br\/wp-content\/uploads\/2019\/05\/2006_cartas-manifestacoes.png","contentUrl":"http:\/\/antoniojosebotelho.com.br\/br\/wp-content\/uploads\/2019\/05\/2006_cartas-manifestacoes.png","width":577,"height":812},{"@type":"BreadcrumbList","@id":"http:\/\/antoniojosebotelho.com.br\/br\/2019\/05\/12\/cartas-manifestacoes-reflexoes-e-reproducoes-espiritualidade-e-cidadania-org\/#breadcrumb","itemListElement":[{"@type":"ListItem","position":1,"name":"In\u00edcio","item":"http:\/\/antoniojosebotelho.com.br\/br\/"},{"@type":"ListItem","position":2,"name":"Cartas manifesta\u00e7\u00f5es reflex\u00f5es e reprodu\u00e7\u00f5es: espiritualidade e cidadania (org.)"}]},{"@type":"WebSite","@id":"http:\/\/antoniojosebotelho.com.br\/br\/#website","url":"http:\/\/antoniojosebotelho.com.br\/br\/","name":"Ant\u00f4nio Jos\u00e9 Botelho","description":"Publica\u00e7\u00f5es e Artigos.","publisher":{"@id":"http:\/\/antoniojosebotelho.com.br\/br\/#\/schema\/person\/43d740221d9216f49d857c5020d14dbc"},"potentialAction":[{"@type":"SearchAction","target":{"@type":"EntryPoint","urlTemplate":"http:\/\/antoniojosebotelho.com.br\/br\/?s={search_term_string}"},"query-input":{"@type":"PropertyValueSpecification","valueRequired":true,"valueName":"search_term_string"}}],"inLanguage":"pt-BR"},{"@type":["Person","Organization"],"@id":"http:\/\/antoniojosebotelho.com.br\/br\/#\/schema\/person\/43d740221d9216f49d857c5020d14dbc","name":"abotelho","image":{"@type":"ImageObject","inLanguage":"pt-BR","@id":"http:\/\/antoniojosebotelho.com.br\/br\/wp-content\/uploads\/2019\/04\/img_capa-head2.png","url":"http:\/\/antoniojosebotelho.com.br\/br\/wp-content\/uploads\/2019\/04\/img_capa-head2.png","contentUrl":"http:\/\/antoniojosebotelho.com.br\/br\/wp-content\/uploads\/2019\/04\/img_capa-head2.png","width":240,"height":32,"caption":"abotelho"},"logo":{"@id":"http:\/\/antoniojosebotelho.com.br\/br\/wp-content\/uploads\/2019\/04\/img_capa-head2.png"}}]}},"_links":{"self":[{"href":"http:\/\/antoniojosebotelho.com.br\/br\/wp-json\/wp\/v2\/posts\/129","targetHints":{"allow":["GET"]}}],"collection":[{"href":"http:\/\/antoniojosebotelho.com.br\/br\/wp-json\/wp\/v2\/posts"}],"about":[{"href":"http:\/\/antoniojosebotelho.com.br\/br\/wp-json\/wp\/v2\/types\/post"}],"author":[{"embeddable":true,"href":"http:\/\/antoniojosebotelho.com.br\/br\/wp-json\/wp\/v2\/users\/1"}],"replies":[{"embeddable":true,"href":"http:\/\/antoniojosebotelho.com.br\/br\/wp-json\/wp\/v2\/comments?post=129"}],"version-history":[{"count":4,"href":"http:\/\/antoniojosebotelho.com.br\/br\/wp-json\/wp\/v2\/posts\/129\/revisions"}],"predecessor-version":[{"id":1003,"href":"http:\/\/antoniojosebotelho.com.br\/br\/wp-json\/wp\/v2\/posts\/129\/revisions\/1003"}],"wp:featuredmedia":[{"embeddable":true,"href":"http:\/\/antoniojosebotelho.com.br\/br\/wp-json\/wp\/v2\/media\/91"}],"wp:attachment":[{"href":"http:\/\/antoniojosebotelho.com.br\/br\/wp-json\/wp\/v2\/media?parent=129"}],"wp:term":[{"taxonomy":"category","embeddable":true,"href":"http:\/\/antoniojosebotelho.com.br\/br\/wp-json\/wp\/v2\/categories?post=129"},{"taxonomy":"post_tag","embeddable":true,"href":"http:\/\/antoniojosebotelho.com.br\/br\/wp-json\/wp\/v2\/tags?post=129"}],"curies":[{"name":"wp","href":"https:\/\/api.w.org\/{rel}","templated":true}]}}