{"id":131,"date":"2019-05-12T02:23:51","date_gmt":"2019-05-12T02:23:51","guid":{"rendered":"http:\/\/antoniojosebotelho.com.br\/br\/?p=131"},"modified":"2020-02-03T22:33:17","modified_gmt":"2020-02-04T02:33:17","slug":"toques-anarquistas-contribuicao-para-uma-visao-de-mundo-alternativa-2","status":"publish","type":"post","link":"http:\/\/antoniojosebotelho.com.br\/br\/2019\/05\/12\/toques-anarquistas-contribuicao-para-uma-visao-de-mundo-alternativa-2\/","title":{"rendered":"Toques anarquistas: contribui\u00e7\u00e3o para uma vis\u00e3o de mundo alternativa"},"content":{"rendered":"\n<p>O Autor, em TOQUES ANARQUISTAS, retrata a luta do homem em sua busca da liberdade, da felicidade, da paz social, questionando a distribui\u00e7\u00e3o de renda, defendendo inteligentemente um sistema ecl\u00e9tico para o poder, a fim de que o homem possa atuar livremente sem os preconceitos do poder, sem a for\u00e7a do capitalismo, sem se submeter \u00e0s desvantagens da tecnologia esmagadora.<\/p>\n\n\n\n<p><a href=\"http:\/\/antoniojosebotelho.com.br\/br\/wp-content\/uploads\/2020\/02\/TOQUES-ANARQUISTAS.pdf\" target=\"_blank\" rel=\"noreferrer noopener\" aria-label=\"Acesse este livro em PDF. Clique aqui (abre numa nova aba)\">Acesse este livro em PDF. Clique aqui<\/a>.<\/p>\n","protected":false},"excerpt":{"rendered":"<p>O Autor, em TOQUES ANARQUISTAS, retrata a luta do homem em sua busca da liberdade, da felicidade, da paz social, questionando a distribui\u00e7\u00e3o de renda, defendendo inteligentemente um sistema ecl\u00e9tico para o poder, a fim de que o homem possa atuar livremente sem os preconceitos do poder, sem a for\u00e7a do capitalismo, sem se submeter [&hellip;]<\/p>\n","protected":false},"author":1,"featured_media":93,"comment_status":"closed","ping_status":"open","sticky":false,"template":"","format":"standard","meta":{"footnotes":""},"categories":[3],"tags":[],"class_list":["post-131","post","type-post","status-publish","format-standard","has-post-thumbnail","hentry","category-livros"],"yoast_head":"<!-- This site is optimized with the Yoast SEO plugin v27.4 - https:\/\/yoast.com\/product\/yoast-seo-wordpress\/ -->\n<title>Toques anarquistas: contribui\u00e7\u00e3o para uma vis\u00e3o de mundo alternativa - Ant\u00f4nio Jos\u00e9 Botelho<\/title>\n<meta name=\"robots\" content=\"noindex, follow\" \/>\n<meta property=\"og:locale\" content=\"pt_BR\" \/>\n<meta property=\"og:type\" content=\"article\" \/>\n<meta property=\"og:title\" content=\"Toques anarquistas: contribui\u00e7\u00e3o para uma vis\u00e3o de mundo alternativa - Ant\u00f4nio Jos\u00e9 Botelho\" \/>\n<meta property=\"og:description\" content=\"O Autor, em TOQUES ANARQUISTAS, retrata a luta do homem em sua busca da liberdade, da felicidade, da paz social, questionando a distribui\u00e7\u00e3o de renda, defendendo inteligentemente um sistema ecl\u00e9tico para o poder, a fim de que o homem possa atuar livremente sem os preconceitos do poder, sem a for\u00e7a do capitalismo, sem se submeter [&hellip;]\" \/>\n<meta property=\"og:url\" content=\"http:\/\/antoniojosebotelho.com.br\/br\/2019\/05\/12\/toques-anarquistas-contribuicao-para-uma-visao-de-mundo-alternativa-2\/\" \/>\n<meta property=\"og:site_name\" content=\"Ant\u00f4nio Jos\u00e9 Botelho\" \/>\n<meta property=\"article:published_time\" content=\"2019-05-12T02:23:51+00:00\" \/>\n<meta property=\"article:modified_time\" content=\"2020-02-04T02:33:17+00:00\" \/>\n<meta property=\"og:image\" content=\"http:\/\/antoniojosebotelho.com.br\/br\/wp-content\/uploads\/2019\/05\/2007_toques-anarquistas.png\" \/>\n\t<meta property=\"og:image:width\" content=\"577\" \/>\n\t<meta property=\"og:image:height\" content=\"812\" \/>\n\t<meta property=\"og:image:type\" content=\"image\/png\" \/>\n<meta name=\"author\" content=\"abotelho\" \/>\n<meta name=\"twitter:card\" content=\"summary_large_image\" \/>\n<meta name=\"twitter:label1\" content=\"Escrito por\" \/>\n\t<meta name=\"twitter:data1\" content=\"abotelho\" \/>\n<script type=\"application\/ld+json\" class=\"yoast-schema-graph\">{\"@context\":\"https:\\\/\\\/schema.org\",\"@graph\":[{\"@type\":\"Article\",\"@id\":\"http:\\\/\\\/antoniojosebotelho.com.br\\\/br\\\/2019\\\/05\\\/12\\\/toques-anarquistas-contribuicao-para-uma-visao-de-mundo-alternativa-2\\\/#article\",\"isPartOf\":{\"@id\":\"http:\\\/\\\/antoniojosebotelho.com.br\\\/br\\\/2019\\\/05\\\/12\\\/toques-anarquistas-contribuicao-para-uma-visao-de-mundo-alternativa-2\\\/\"},\"author\":{\"name\":\"abotelho\",\"@id\":\"http:\\\/\\\/antoniojosebotelho.com.br\\\/br\\\/#\\\/schema\\\/person\\\/43d740221d9216f49d857c5020d14dbc\"},\"headline\":\"Toques anarquistas: contribui\u00e7\u00e3o para uma vis\u00e3o de mundo alternativa\",\"datePublished\":\"2019-05-12T02:23:51+00:00\",\"dateModified\":\"2020-02-04T02:33:17+00:00\",\"mainEntityOfPage\":{\"@id\":\"http:\\\/\\\/antoniojosebotelho.com.br\\\/br\\\/2019\\\/05\\\/12\\\/toques-anarquistas-contribuicao-para-uma-visao-de-mundo-alternativa-2\\\/\"},\"wordCount\":81,\"publisher\":{\"@id\":\"http:\\\/\\\/antoniojosebotelho.com.br\\\/br\\\/#\\\/schema\\\/person\\\/43d740221d9216f49d857c5020d14dbc\"},\"image\":{\"@id\":\"http:\\\/\\\/antoniojosebotelho.com.br\\\/br\\\/2019\\\/05\\\/12\\\/toques-anarquistas-contribuicao-para-uma-visao-de-mundo-alternativa-2\\\/#primaryimage\"},\"thumbnailUrl\":\"http:\\\/\\\/antoniojosebotelho.com.br\\\/br\\\/wp-content\\\/uploads\\\/2019\\\/05\\\/2007_toques-anarquistas.png\",\"articleSection\":[\"Livros\"],\"inLanguage\":\"pt-BR\"},{\"@type\":\"WebPage\",\"@id\":\"http:\\\/\\\/antoniojosebotelho.com.br\\\/br\\\/2019\\\/05\\\/12\\\/toques-anarquistas-contribuicao-para-uma-visao-de-mundo-alternativa-2\\\/\",\"url\":\"http:\\\/\\\/antoniojosebotelho.com.br\\\/br\\\/2019\\\/05\\\/12\\\/toques-anarquistas-contribuicao-para-uma-visao-de-mundo-alternativa-2\\\/\",\"name\":\"Toques anarquistas: contribui\u00e7\u00e3o para uma vis\u00e3o de mundo alternativa - Ant\u00f4nio Jos\u00e9 Botelho\",\"isPartOf\":{\"@id\":\"http:\\\/\\\/antoniojosebotelho.com.br\\\/br\\\/#website\"},\"primaryImageOfPage\":{\"@id\":\"http:\\\/\\\/antoniojosebotelho.com.br\\\/br\\\/2019\\\/05\\\/12\\\/toques-anarquistas-contribuicao-para-uma-visao-de-mundo-alternativa-2\\\/#primaryimage\"},\"image\":{\"@id\":\"http:\\\/\\\/antoniojosebotelho.com.br\\\/br\\\/2019\\\/05\\\/12\\\/toques-anarquistas-contribuicao-para-uma-visao-de-mundo-alternativa-2\\\/#primaryimage\"},\"thumbnailUrl\":\"http:\\\/\\\/antoniojosebotelho.com.br\\\/br\\\/wp-content\\\/uploads\\\/2019\\\/05\\\/2007_toques-anarquistas.png\",\"datePublished\":\"2019-05-12T02:23:51+00:00\",\"dateModified\":\"2020-02-04T02:33:17+00:00\",\"breadcrumb\":{\"@id\":\"http:\\\/\\\/antoniojosebotelho.com.br\\\/br\\\/2019\\\/05\\\/12\\\/toques-anarquistas-contribuicao-para-uma-visao-de-mundo-alternativa-2\\\/#breadcrumb\"},\"inLanguage\":\"pt-BR\",\"potentialAction\":[{\"@type\":\"ReadAction\",\"target\":[\"http:\\\/\\\/antoniojosebotelho.com.br\\\/br\\\/2019\\\/05\\\/12\\\/toques-anarquistas-contribuicao-para-uma-visao-de-mundo-alternativa-2\\\/\"]}]},{\"@type\":\"ImageObject\",\"inLanguage\":\"pt-BR\",\"@id\":\"http:\\\/\\\/antoniojosebotelho.com.br\\\/br\\\/2019\\\/05\\\/12\\\/toques-anarquistas-contribuicao-para-uma-visao-de-mundo-alternativa-2\\\/#primaryimage\",\"url\":\"http:\\\/\\\/antoniojosebotelho.com.br\\\/br\\\/wp-content\\\/uploads\\\/2019\\\/05\\\/2007_toques-anarquistas.png\",\"contentUrl\":\"http:\\\/\\\/antoniojosebotelho.com.br\\\/br\\\/wp-content\\\/uploads\\\/2019\\\/05\\\/2007_toques-anarquistas.png\",\"width\":577,\"height\":812},{\"@type\":\"BreadcrumbList\",\"@id\":\"http:\\\/\\\/antoniojosebotelho.com.br\\\/br\\\/2019\\\/05\\\/12\\\/toques-anarquistas-contribuicao-para-uma-visao-de-mundo-alternativa-2\\\/#breadcrumb\",\"itemListElement\":[{\"@type\":\"ListItem\",\"position\":1,\"name\":\"In\u00edcio\",\"item\":\"http:\\\/\\\/antoniojosebotelho.com.br\\\/br\\\/\"},{\"@type\":\"ListItem\",\"position\":2,\"name\":\"Toques anarquistas: contribui\u00e7\u00e3o para uma vis\u00e3o de mundo alternativa\"}]},{\"@type\":\"WebSite\",\"@id\":\"http:\\\/\\\/antoniojosebotelho.com.br\\\/br\\\/#website\",\"url\":\"http:\\\/\\\/antoniojosebotelho.com.br\\\/br\\\/\",\"name\":\"Ant\u00f4nio Jos\u00e9 Botelho\",\"description\":\"Publica\u00e7\u00f5es e Artigos.\",\"publisher\":{\"@id\":\"http:\\\/\\\/antoniojosebotelho.com.br\\\/br\\\/#\\\/schema\\\/person\\\/43d740221d9216f49d857c5020d14dbc\"},\"potentialAction\":[{\"@type\":\"SearchAction\",\"target\":{\"@type\":\"EntryPoint\",\"urlTemplate\":\"http:\\\/\\\/antoniojosebotelho.com.br\\\/br\\\/?s={search_term_string}\"},\"query-input\":{\"@type\":\"PropertyValueSpecification\",\"valueRequired\":true,\"valueName\":\"search_term_string\"}}],\"inLanguage\":\"pt-BR\"},{\"@type\":[\"Person\",\"Organization\"],\"@id\":\"http:\\\/\\\/antoniojosebotelho.com.br\\\/br\\\/#\\\/schema\\\/person\\\/43d740221d9216f49d857c5020d14dbc\",\"name\":\"abotelho\",\"image\":{\"@type\":\"ImageObject\",\"inLanguage\":\"pt-BR\",\"@id\":\"http:\\\/\\\/antoniojosebotelho.com.br\\\/br\\\/wp-content\\\/uploads\\\/2019\\\/04\\\/img_capa-head2.png\",\"url\":\"http:\\\/\\\/antoniojosebotelho.com.br\\\/br\\\/wp-content\\\/uploads\\\/2019\\\/04\\\/img_capa-head2.png\",\"contentUrl\":\"http:\\\/\\\/antoniojosebotelho.com.br\\\/br\\\/wp-content\\\/uploads\\\/2019\\\/04\\\/img_capa-head2.png\",\"width\":240,\"height\":32,\"caption\":\"abotelho\"},\"logo\":{\"@id\":\"http:\\\/\\\/antoniojosebotelho.com.br\\\/br\\\/wp-content\\\/uploads\\\/2019\\\/04\\\/img_capa-head2.png\"}}]}<\/script>\n<!-- \/ Yoast SEO plugin. -->","yoast_head_json":{"title":"Toques anarquistas: contribui\u00e7\u00e3o para uma vis\u00e3o de mundo alternativa - Ant\u00f4nio Jos\u00e9 Botelho","robots":{"index":"noindex","follow":"follow"},"og_locale":"pt_BR","og_type":"article","og_title":"Toques anarquistas: contribui\u00e7\u00e3o para uma vis\u00e3o de mundo alternativa - Ant\u00f4nio Jos\u00e9 Botelho","og_description":"O Autor, em TOQUES ANARQUISTAS, retrata a luta do homem em sua busca da liberdade, da felicidade, da paz social, questionando a distribui\u00e7\u00e3o de renda, defendendo inteligentemente um sistema ecl\u00e9tico para o poder, a fim de que o homem possa atuar livremente sem os preconceitos do poder, sem a for\u00e7a do capitalismo, sem se submeter [&hellip;]","og_url":"http:\/\/antoniojosebotelho.com.br\/br\/2019\/05\/12\/toques-anarquistas-contribuicao-para-uma-visao-de-mundo-alternativa-2\/","og_site_name":"Ant\u00f4nio Jos\u00e9 Botelho","article_published_time":"2019-05-12T02:23:51+00:00","article_modified_time":"2020-02-04T02:33:17+00:00","og_image":[{"width":577,"height":812,"url":"http:\/\/antoniojosebotelho.com.br\/br\/wp-content\/uploads\/2019\/05\/2007_toques-anarquistas.png","type":"image\/png"}],"author":"abotelho","twitter_card":"summary_large_image","twitter_misc":{"Escrito por":"abotelho"},"schema":{"@context":"https:\/\/schema.org","@graph":[{"@type":"Article","@id":"http:\/\/antoniojosebotelho.com.br\/br\/2019\/05\/12\/toques-anarquistas-contribuicao-para-uma-visao-de-mundo-alternativa-2\/#article","isPartOf":{"@id":"http:\/\/antoniojosebotelho.com.br\/br\/2019\/05\/12\/toques-anarquistas-contribuicao-para-uma-visao-de-mundo-alternativa-2\/"},"author":{"name":"abotelho","@id":"http:\/\/antoniojosebotelho.com.br\/br\/#\/schema\/person\/43d740221d9216f49d857c5020d14dbc"},"headline":"Toques anarquistas: contribui\u00e7\u00e3o para uma vis\u00e3o de mundo alternativa","datePublished":"2019-05-12T02:23:51+00:00","dateModified":"2020-02-04T02:33:17+00:00","mainEntityOfPage":{"@id":"http:\/\/antoniojosebotelho.com.br\/br\/2019\/05\/12\/toques-anarquistas-contribuicao-para-uma-visao-de-mundo-alternativa-2\/"},"wordCount":81,"publisher":{"@id":"http:\/\/antoniojosebotelho.com.br\/br\/#\/schema\/person\/43d740221d9216f49d857c5020d14dbc"},"image":{"@id":"http:\/\/antoniojosebotelho.com.br\/br\/2019\/05\/12\/toques-anarquistas-contribuicao-para-uma-visao-de-mundo-alternativa-2\/#primaryimage"},"thumbnailUrl":"http:\/\/antoniojosebotelho.com.br\/br\/wp-content\/uploads\/2019\/05\/2007_toques-anarquistas.png","articleSection":["Livros"],"inLanguage":"pt-BR"},{"@type":"WebPage","@id":"http:\/\/antoniojosebotelho.com.br\/br\/2019\/05\/12\/toques-anarquistas-contribuicao-para-uma-visao-de-mundo-alternativa-2\/","url":"http:\/\/antoniojosebotelho.com.br\/br\/2019\/05\/12\/toques-anarquistas-contribuicao-para-uma-visao-de-mundo-alternativa-2\/","name":"Toques anarquistas: contribui\u00e7\u00e3o para uma vis\u00e3o de mundo alternativa - Ant\u00f4nio Jos\u00e9 Botelho","isPartOf":{"@id":"http:\/\/antoniojosebotelho.com.br\/br\/#website"},"primaryImageOfPage":{"@id":"http:\/\/antoniojosebotelho.com.br\/br\/2019\/05\/12\/toques-anarquistas-contribuicao-para-uma-visao-de-mundo-alternativa-2\/#primaryimage"},"image":{"@id":"http:\/\/antoniojosebotelho.com.br\/br\/2019\/05\/12\/toques-anarquistas-contribuicao-para-uma-visao-de-mundo-alternativa-2\/#primaryimage"},"thumbnailUrl":"http:\/\/antoniojosebotelho.com.br\/br\/wp-content\/uploads\/2019\/05\/2007_toques-anarquistas.png","datePublished":"2019-05-12T02:23:51+00:00","dateModified":"2020-02-04T02:33:17+00:00","breadcrumb":{"@id":"http:\/\/antoniojosebotelho.com.br\/br\/2019\/05\/12\/toques-anarquistas-contribuicao-para-uma-visao-de-mundo-alternativa-2\/#breadcrumb"},"inLanguage":"pt-BR","potentialAction":[{"@type":"ReadAction","target":["http:\/\/antoniojosebotelho.com.br\/br\/2019\/05\/12\/toques-anarquistas-contribuicao-para-uma-visao-de-mundo-alternativa-2\/"]}]},{"@type":"ImageObject","inLanguage":"pt-BR","@id":"http:\/\/antoniojosebotelho.com.br\/br\/2019\/05\/12\/toques-anarquistas-contribuicao-para-uma-visao-de-mundo-alternativa-2\/#primaryimage","url":"http:\/\/antoniojosebotelho.com.br\/br\/wp-content\/uploads\/2019\/05\/2007_toques-anarquistas.png","contentUrl":"http:\/\/antoniojosebotelho.com.br\/br\/wp-content\/uploads\/2019\/05\/2007_toques-anarquistas.png","width":577,"height":812},{"@type":"BreadcrumbList","@id":"http:\/\/antoniojosebotelho.com.br\/br\/2019\/05\/12\/toques-anarquistas-contribuicao-para-uma-visao-de-mundo-alternativa-2\/#breadcrumb","itemListElement":[{"@type":"ListItem","position":1,"name":"In\u00edcio","item":"http:\/\/antoniojosebotelho.com.br\/br\/"},{"@type":"ListItem","position":2,"name":"Toques anarquistas: contribui\u00e7\u00e3o para uma vis\u00e3o de mundo alternativa"}]},{"@type":"WebSite","@id":"http:\/\/antoniojosebotelho.com.br\/br\/#website","url":"http:\/\/antoniojosebotelho.com.br\/br\/","name":"Ant\u00f4nio Jos\u00e9 Botelho","description":"Publica\u00e7\u00f5es e Artigos.","publisher":{"@id":"http:\/\/antoniojosebotelho.com.br\/br\/#\/schema\/person\/43d740221d9216f49d857c5020d14dbc"},"potentialAction":[{"@type":"SearchAction","target":{"@type":"EntryPoint","urlTemplate":"http:\/\/antoniojosebotelho.com.br\/br\/?s={search_term_string}"},"query-input":{"@type":"PropertyValueSpecification","valueRequired":true,"valueName":"search_term_string"}}],"inLanguage":"pt-BR"},{"@type":["Person","Organization"],"@id":"http:\/\/antoniojosebotelho.com.br\/br\/#\/schema\/person\/43d740221d9216f49d857c5020d14dbc","name":"abotelho","image":{"@type":"ImageObject","inLanguage":"pt-BR","@id":"http:\/\/antoniojosebotelho.com.br\/br\/wp-content\/uploads\/2019\/04\/img_capa-head2.png","url":"http:\/\/antoniojosebotelho.com.br\/br\/wp-content\/uploads\/2019\/04\/img_capa-head2.png","contentUrl":"http:\/\/antoniojosebotelho.com.br\/br\/wp-content\/uploads\/2019\/04\/img_capa-head2.png","width":240,"height":32,"caption":"abotelho"},"logo":{"@id":"http:\/\/antoniojosebotelho.com.br\/br\/wp-content\/uploads\/2019\/04\/img_capa-head2.png"}}]}},"_links":{"self":[{"href":"http:\/\/antoniojosebotelho.com.br\/br\/wp-json\/wp\/v2\/posts\/131","targetHints":{"allow":["GET"]}}],"collection":[{"href":"http:\/\/antoniojosebotelho.com.br\/br\/wp-json\/wp\/v2\/posts"}],"about":[{"href":"http:\/\/antoniojosebotelho.com.br\/br\/wp-json\/wp\/v2\/types\/post"}],"author":[{"embeddable":true,"href":"http:\/\/antoniojosebotelho.com.br\/br\/wp-json\/wp\/v2\/users\/1"}],"replies":[{"embeddable":true,"href":"http:\/\/antoniojosebotelho.com.br\/br\/wp-json\/wp\/v2\/comments?post=131"}],"version-history":[{"count":4,"href":"http:\/\/antoniojosebotelho.com.br\/br\/wp-json\/wp\/v2\/posts\/131\/revisions"}],"predecessor-version":[{"id":936,"href":"http:\/\/antoniojosebotelho.com.br\/br\/wp-json\/wp\/v2\/posts\/131\/revisions\/936"}],"wp:featuredmedia":[{"embeddable":true,"href":"http:\/\/antoniojosebotelho.com.br\/br\/wp-json\/wp\/v2\/media\/93"}],"wp:attachment":[{"href":"http:\/\/antoniojosebotelho.com.br\/br\/wp-json\/wp\/v2\/media?parent=131"}],"wp:term":[{"taxonomy":"category","embeddable":true,"href":"http:\/\/antoniojosebotelho.com.br\/br\/wp-json\/wp\/v2\/categories?post=131"},{"taxonomy":"post_tag","embeddable":true,"href":"http:\/\/antoniojosebotelho.com.br\/br\/wp-json\/wp\/v2\/tags?post=131"}],"curies":[{"name":"wp","href":"https:\/\/api.w.org\/{rel}","templated":true}]}}