{"id":135,"date":"2019-05-12T02:27:03","date_gmt":"2019-05-12T02:27:03","guid":{"rendered":"http:\/\/antoniojosebotelho.com.br\/br\/?p=135"},"modified":"2020-02-03T21:48:09","modified_gmt":"2020-02-04T01:48:09","slug":"pequeno-ensaio-em-prol-da-construcao-de-um-capitalismo-amazonico-a-partir-de-manaus","status":"publish","type":"post","link":"http:\/\/antoniojosebotelho.com.br\/br\/2019\/05\/12\/pequeno-ensaio-em-prol-da-construcao-de-um-capitalismo-amazonico-a-partir-de-manaus\/","title":{"rendered":"Pequeno ensaio em prol da constru\u00e7\u00e3o de um capitalismo amaz\u00f4nico a partir de manaus"},"content":{"rendered":"\n<p><strong>Da Inten\u00e7\u00e3o<\/strong><\/p>\n\n\n\n<p>Tenho escrito de forma erudita para demonstrar a necessidade de adotarmos o Projeto ZFM como um meio para um desenvolvimento minimamente aut\u00f4nomo. Tal expectativa pressup\u00f5e a estrat\u00e9gia da constru\u00e7\u00e3o de um capitalismo amaz\u00f4nico na perspectiva da acumula\u00e7\u00e3o primitiva de capital. Nessa dimens\u00e3o, completar\u00edamos a natureza filos\u00f3fica do PIM de atra\u00e7\u00e3o de investimentos lastreados por aportes de capital e pacotes tecnol\u00f3gicos for\u00e2neos.<\/p>\n\n\n\n<p>Ao longo desse exerc\u00edcio intelectual de quase duas d\u00e9cadas, idealizei quatro conceitos para dar visibilidade \u00e0 estrat\u00e9gia de constru\u00e7\u00e3o de um capitalismo amaz\u00f4nico. O primeiro par conceitual reflete o contexto do Projeto ZFM: economia de enclave industrial e seu corol\u00e1rio a capacita\u00e7\u00e3o tecnol\u00f3gica tardia. O segundo par sugere um ponto de inflex\u00e3o de complementaridade: processo de&nbsp;<em>growing up<\/em>e seu corol\u00e1rio amazonidades.<\/p>\n\n\n\n<p>A interdepend\u00eancia dos&nbsp;quatro conceitos&nbsp;constitui os componentes da vis\u00e3o de futuro desejadoe a argamassa da ideologia que defendo.&nbsp;Se por um lado, economia de enclave industrial condiciona sinergicamente de forma negativa a capacita\u00e7\u00e3o tecnol\u00f3gica tardia,por outro lado,&nbsp;<em>growing up<\/em>\u00e9 o campo de a\u00e7\u00e3o das amazonidades, libertando-as sinergicamente de forma positiva. \u00c9 claro que a&nbsp;<strong>capacita\u00e7\u00e3o tecnol\u00f3gica tardia<\/strong>, derivada da&nbsp;<strong>economia de enclave industrial moderna<\/strong>, pode e deve ser tomada como suporte, como externalidade positiva, devendo, contudo, migrar predominantemente para o processo de&nbsp;<strong><em>growing up<\/em><\/strong>vertido \u00e0s&nbsp;<strong>amazonidades<\/strong>. A idealiza\u00e7\u00e3o dos quatro conceitos s\u00f3 foi poss\u00edvel observando a realidade industrial e tecnol\u00f3gica objetiva de Manaus em confronto com as evolu\u00e7\u00f5es hist\u00f3rias e reflex\u00f5es te\u00f3ricas dos Estados Unidos e Coreiado Sul [Botelho; 2010].&nbsp;<\/p>\n\n\n\n<p>Adicionando valor \u00e0s abstra\u00e7\u00f5es, vou fazer algumas coloca\u00e7\u00f5es sobre o&nbsp;<strong>sistema<\/strong>nacional de economia pol\u00edtica de List e a&nbsp;<strong>teoria<\/strong>do desenvolvimento econ\u00f4mico de Schumpeter, os quais combinados formar\u00e3o um&nbsp;<strong>paradigma<\/strong>convergente com a ideologia defendida e com a vis\u00e3o de futuro desejada.<\/p>\n\n\n\n<p>Se pudemos entender que a ideologia defendida \u00e9 expressa pela ado\u00e7\u00e3o do Projeto ZFM como um meio e pertinente capacita\u00e7\u00e3o tecnol\u00f3gica tardia, a vis\u00e3o de futuro desejada deve ser entendida como a supera\u00e7\u00e3o do PIB manauara medidos pela produ\u00e7\u00e3o do PIM lastreada por capitais e tecnologias estrangeiras por um Produto Manauara Bruto [PMP] consubstanciado por amazonidades, vale dizer produtos realizados no mercado a partir de insumos e saberes da floresta<a href=\"applewebdata:\/\/068B8559-FB1D-4C26-AD08-B9D531A1FADC#_ftn3\"><sup>[3]<\/sup><\/a>com capital e tecnologia end\u00f3gena, caracterizando um desenvolvimento industrial e tecnol\u00f3gico minimamente aut\u00f4nomo. Esse auto-desenvolvimento, por sua vez, sinalizando o processo de&nbsp;<em>growing up&nbsp;<\/em>[Botelho; 2010].Para tanto, precisamos de um novo paradigma que supere a l\u00f3gica simples da prorroga\u00e7\u00e3o do Projeto ZFM, ou at\u00e9 mesmo sua pereniza\u00e7\u00e3o, por uma l\u00f3gica complexa que sinalize para a formula\u00e7\u00e3o de pol\u00edticas p\u00fablicas que n\u00e3o s\u00f3 consolidem o processo de industrializa\u00e7\u00e3o em curso, mas, sobretudo, crie uma trajet\u00f3ria tecnol\u00f3gica alternativa forjadora de um novo marco civilizat\u00f3rio sob a \u00e9gide da sustentabilidade, o que significa dizer, investimentos conscientes, consumo inteligente e tecnologia limpa. Uma verdadeira revolu\u00e7\u00e3o verde adotando o ch\u00e3o amaz\u00f4nico como laborat\u00f3rio dessa experi\u00eancia sociol\u00f3gica [Botelho; 2010].<br><\/p>\n\n\n\n<p>A obra busca esclarecer os pensamentos convictos do autor por cerca de 30 anos. Durante as \u00faltimas duas d\u00e9cadas, os esfor\u00e7os de Ant\u00f4nio Jos\u00e9 Botelho em chamar a aten\u00e7\u00e3o com suas publica\u00e7\u00f5es e manifesta\u00e7\u00f5es em f\u00f3runs, que muitas vezes geraram controv\u00e9rsias, sobre as pol\u00edticas p\u00fablicas ou falta delas para o desenvolvimento do Estado do Amazonas.<\/p>\n\n\n\n<p>Trata-se de um esfor\u00e7os positivo e que contribui para o fortalecimento do capital social de Manaus. Em seu estilo peculiar, erudito, como o pr\u00f3prio autor classifica, neste ensaio, como tem sido sua preocupa\u00e7\u00e3o quando aborda o tema desenvolvimento regional, mais uma vez ele coloca em destaque e como base de reflex\u00e3o o Projeto Zona Franca de Manaus &#8211; ZFM.<\/p>\n\n\n\n<p>Acesse este livro em PDF. <a rel=\"noreferrer noopener\" aria-label=\" (abre numa nova aba)\" href=\"http:\/\/antoniojosebotelho.com.br\/br\/livros\/pequeno_ensaio_em_prol_da_construcao_de_um_capitalismo_amazonico_a_partir_de_manaus.pdf\" target=\"_blank\">Clique aqui<\/a>.<\/p>\n","protected":false},"excerpt":{"rendered":"<p>Da Inten\u00e7\u00e3o Tenho escrito de forma erudita para demonstrar a necessidade de adotarmos o Projeto ZFM como um meio para um desenvolvimento minimamente aut\u00f4nomo. Tal expectativa pressup\u00f5e a estrat\u00e9gia da constru\u00e7\u00e3o de um capitalismo amaz\u00f4nico na perspectiva da acumula\u00e7\u00e3o primitiva de capital. Nessa dimens\u00e3o, completar\u00edamos a natureza filos\u00f3fica do PIM de atra\u00e7\u00e3o de investimentos lastreados [&hellip;]<\/p>\n","protected":false},"author":1,"featured_media":95,"comment_status":"closed","ping_status":"open","sticky":false,"template":"","format":"standard","meta":{"footnotes":""},"categories":[3],"tags":[],"class_list":["post-135","post","type-post","status-publish","format-standard","has-post-thumbnail","hentry","category-livros"],"yoast_head":"<!-- This site is optimized with the Yoast SEO plugin v27.4 - https:\/\/yoast.com\/product\/yoast-seo-wordpress\/ -->\n<title>Pequeno ensaio em prol da constru\u00e7\u00e3o de um capitalismo amaz\u00f4nico a partir de manaus - Ant\u00f4nio Jos\u00e9 Botelho<\/title>\n<meta name=\"robots\" content=\"noindex, follow\" \/>\n<meta property=\"og:locale\" content=\"pt_BR\" \/>\n<meta property=\"og:type\" content=\"article\" \/>\n<meta property=\"og:title\" content=\"Pequeno ensaio em prol da constru\u00e7\u00e3o de um capitalismo amaz\u00f4nico a partir de manaus - Ant\u00f4nio Jos\u00e9 Botelho\" \/>\n<meta property=\"og:description\" content=\"Da Inten\u00e7\u00e3o Tenho escrito de forma erudita para demonstrar a necessidade de adotarmos o Projeto ZFM como um meio para um desenvolvimento minimamente aut\u00f4nomo. Tal expectativa pressup\u00f5e a estrat\u00e9gia da constru\u00e7\u00e3o de um capitalismo amaz\u00f4nico na perspectiva da acumula\u00e7\u00e3o primitiva de capital. Nessa dimens\u00e3o, completar\u00edamos a natureza filos\u00f3fica do PIM de atra\u00e7\u00e3o de investimentos lastreados [&hellip;]\" \/>\n<meta property=\"og:url\" content=\"http:\/\/antoniojosebotelho.com.br\/br\/2019\/05\/12\/pequeno-ensaio-em-prol-da-construcao-de-um-capitalismo-amazonico-a-partir-de-manaus\/\" \/>\n<meta property=\"og:site_name\" content=\"Ant\u00f4nio Jos\u00e9 Botelho\" \/>\n<meta property=\"article:published_time\" content=\"2019-05-12T02:27:03+00:00\" \/>\n<meta property=\"article:modified_time\" content=\"2020-02-04T01:48:09+00:00\" \/>\n<meta property=\"og:image\" content=\"http:\/\/antoniojosebotelho.com.br\/br\/wp-content\/uploads\/2019\/05\/2011_pequeno-ensaio.png\" \/>\n\t<meta property=\"og:image:width\" content=\"577\" \/>\n\t<meta property=\"og:image:height\" content=\"812\" \/>\n\t<meta property=\"og:image:type\" content=\"image\/png\" \/>\n<meta name=\"author\" content=\"abotelho\" \/>\n<meta name=\"twitter:card\" content=\"summary_large_image\" \/>\n<meta name=\"twitter:label1\" content=\"Escrito por\" \/>\n\t<meta name=\"twitter:data1\" content=\"abotelho\" \/>\n\t<meta name=\"twitter:label2\" content=\"Est. tempo de leitura\" \/>\n\t<meta name=\"twitter:data2\" content=\"3 minutos\" \/>\n<script type=\"application\/ld+json\" class=\"yoast-schema-graph\">{\"@context\":\"https:\\\/\\\/schema.org\",\"@graph\":[{\"@type\":\"Article\",\"@id\":\"http:\\\/\\\/antoniojosebotelho.com.br\\\/br\\\/2019\\\/05\\\/12\\\/pequeno-ensaio-em-prol-da-construcao-de-um-capitalismo-amazonico-a-partir-de-manaus\\\/#article\",\"isPartOf\":{\"@id\":\"http:\\\/\\\/antoniojosebotelho.com.br\\\/br\\\/2019\\\/05\\\/12\\\/pequeno-ensaio-em-prol-da-construcao-de-um-capitalismo-amazonico-a-partir-de-manaus\\\/\"},\"author\":{\"name\":\"abotelho\",\"@id\":\"http:\\\/\\\/antoniojosebotelho.com.br\\\/br\\\/#\\\/schema\\\/person\\\/43d740221d9216f49d857c5020d14dbc\"},\"headline\":\"Pequeno ensaio em prol da constru\u00e7\u00e3o de um capitalismo amaz\u00f4nico a partir de manaus\",\"datePublished\":\"2019-05-12T02:27:03+00:00\",\"dateModified\":\"2020-02-04T01:48:09+00:00\",\"mainEntityOfPage\":{\"@id\":\"http:\\\/\\\/antoniojosebotelho.com.br\\\/br\\\/2019\\\/05\\\/12\\\/pequeno-ensaio-em-prol-da-construcao-de-um-capitalismo-amazonico-a-partir-de-manaus\\\/\"},\"wordCount\":700,\"publisher\":{\"@id\":\"http:\\\/\\\/antoniojosebotelho.com.br\\\/br\\\/#\\\/schema\\\/person\\\/43d740221d9216f49d857c5020d14dbc\"},\"image\":{\"@id\":\"http:\\\/\\\/antoniojosebotelho.com.br\\\/br\\\/2019\\\/05\\\/12\\\/pequeno-ensaio-em-prol-da-construcao-de-um-capitalismo-amazonico-a-partir-de-manaus\\\/#primaryimage\"},\"thumbnailUrl\":\"http:\\\/\\\/antoniojosebotelho.com.br\\\/br\\\/wp-content\\\/uploads\\\/2019\\\/05\\\/2011_pequeno-ensaio.png\",\"articleSection\":[\"Livros\"],\"inLanguage\":\"pt-BR\"},{\"@type\":\"WebPage\",\"@id\":\"http:\\\/\\\/antoniojosebotelho.com.br\\\/br\\\/2019\\\/05\\\/12\\\/pequeno-ensaio-em-prol-da-construcao-de-um-capitalismo-amazonico-a-partir-de-manaus\\\/\",\"url\":\"http:\\\/\\\/antoniojosebotelho.com.br\\\/br\\\/2019\\\/05\\\/12\\\/pequeno-ensaio-em-prol-da-construcao-de-um-capitalismo-amazonico-a-partir-de-manaus\\\/\",\"name\":\"Pequeno ensaio em prol da constru\u00e7\u00e3o de um capitalismo amaz\u00f4nico a partir de manaus - Ant\u00f4nio Jos\u00e9 Botelho\",\"isPartOf\":{\"@id\":\"http:\\\/\\\/antoniojosebotelho.com.br\\\/br\\\/#website\"},\"primaryImageOfPage\":{\"@id\":\"http:\\\/\\\/antoniojosebotelho.com.br\\\/br\\\/2019\\\/05\\\/12\\\/pequeno-ensaio-em-prol-da-construcao-de-um-capitalismo-amazonico-a-partir-de-manaus\\\/#primaryimage\"},\"image\":{\"@id\":\"http:\\\/\\\/antoniojosebotelho.com.br\\\/br\\\/2019\\\/05\\\/12\\\/pequeno-ensaio-em-prol-da-construcao-de-um-capitalismo-amazonico-a-partir-de-manaus\\\/#primaryimage\"},\"thumbnailUrl\":\"http:\\\/\\\/antoniojosebotelho.com.br\\\/br\\\/wp-content\\\/uploads\\\/2019\\\/05\\\/2011_pequeno-ensaio.png\",\"datePublished\":\"2019-05-12T02:27:03+00:00\",\"dateModified\":\"2020-02-04T01:48:09+00:00\",\"breadcrumb\":{\"@id\":\"http:\\\/\\\/antoniojosebotelho.com.br\\\/br\\\/2019\\\/05\\\/12\\\/pequeno-ensaio-em-prol-da-construcao-de-um-capitalismo-amazonico-a-partir-de-manaus\\\/#breadcrumb\"},\"inLanguage\":\"pt-BR\",\"potentialAction\":[{\"@type\":\"ReadAction\",\"target\":[\"http:\\\/\\\/antoniojosebotelho.com.br\\\/br\\\/2019\\\/05\\\/12\\\/pequeno-ensaio-em-prol-da-construcao-de-um-capitalismo-amazonico-a-partir-de-manaus\\\/\"]}]},{\"@type\":\"ImageObject\",\"inLanguage\":\"pt-BR\",\"@id\":\"http:\\\/\\\/antoniojosebotelho.com.br\\\/br\\\/2019\\\/05\\\/12\\\/pequeno-ensaio-em-prol-da-construcao-de-um-capitalismo-amazonico-a-partir-de-manaus\\\/#primaryimage\",\"url\":\"http:\\\/\\\/antoniojosebotelho.com.br\\\/br\\\/wp-content\\\/uploads\\\/2019\\\/05\\\/2011_pequeno-ensaio.png\",\"contentUrl\":\"http:\\\/\\\/antoniojosebotelho.com.br\\\/br\\\/wp-content\\\/uploads\\\/2019\\\/05\\\/2011_pequeno-ensaio.png\",\"width\":577,\"height\":812},{\"@type\":\"BreadcrumbList\",\"@id\":\"http:\\\/\\\/antoniojosebotelho.com.br\\\/br\\\/2019\\\/05\\\/12\\\/pequeno-ensaio-em-prol-da-construcao-de-um-capitalismo-amazonico-a-partir-de-manaus\\\/#breadcrumb\",\"itemListElement\":[{\"@type\":\"ListItem\",\"position\":1,\"name\":\"In\u00edcio\",\"item\":\"http:\\\/\\\/antoniojosebotelho.com.br\\\/br\\\/\"},{\"@type\":\"ListItem\",\"position\":2,\"name\":\"Pequeno ensaio em prol da constru\u00e7\u00e3o de um capitalismo amaz\u00f4nico a partir de manaus\"}]},{\"@type\":\"WebSite\",\"@id\":\"http:\\\/\\\/antoniojosebotelho.com.br\\\/br\\\/#website\",\"url\":\"http:\\\/\\\/antoniojosebotelho.com.br\\\/br\\\/\",\"name\":\"Ant\u00f4nio Jos\u00e9 Botelho\",\"description\":\"Publica\u00e7\u00f5es e Artigos.\",\"publisher\":{\"@id\":\"http:\\\/\\\/antoniojosebotelho.com.br\\\/br\\\/#\\\/schema\\\/person\\\/43d740221d9216f49d857c5020d14dbc\"},\"potentialAction\":[{\"@type\":\"SearchAction\",\"target\":{\"@type\":\"EntryPoint\",\"urlTemplate\":\"http:\\\/\\\/antoniojosebotelho.com.br\\\/br\\\/?s={search_term_string}\"},\"query-input\":{\"@type\":\"PropertyValueSpecification\",\"valueRequired\":true,\"valueName\":\"search_term_string\"}}],\"inLanguage\":\"pt-BR\"},{\"@type\":[\"Person\",\"Organization\"],\"@id\":\"http:\\\/\\\/antoniojosebotelho.com.br\\\/br\\\/#\\\/schema\\\/person\\\/43d740221d9216f49d857c5020d14dbc\",\"name\":\"abotelho\",\"image\":{\"@type\":\"ImageObject\",\"inLanguage\":\"pt-BR\",\"@id\":\"http:\\\/\\\/antoniojosebotelho.com.br\\\/br\\\/wp-content\\\/uploads\\\/2019\\\/04\\\/img_capa-head2.png\",\"url\":\"http:\\\/\\\/antoniojosebotelho.com.br\\\/br\\\/wp-content\\\/uploads\\\/2019\\\/04\\\/img_capa-head2.png\",\"contentUrl\":\"http:\\\/\\\/antoniojosebotelho.com.br\\\/br\\\/wp-content\\\/uploads\\\/2019\\\/04\\\/img_capa-head2.png\",\"width\":240,\"height\":32,\"caption\":\"abotelho\"},\"logo\":{\"@id\":\"http:\\\/\\\/antoniojosebotelho.com.br\\\/br\\\/wp-content\\\/uploads\\\/2019\\\/04\\\/img_capa-head2.png\"}}]}<\/script>\n<!-- \/ Yoast SEO plugin. -->","yoast_head_json":{"title":"Pequeno ensaio em prol da constru\u00e7\u00e3o de um capitalismo amaz\u00f4nico a partir de manaus - Ant\u00f4nio Jos\u00e9 Botelho","robots":{"index":"noindex","follow":"follow"},"og_locale":"pt_BR","og_type":"article","og_title":"Pequeno ensaio em prol da constru\u00e7\u00e3o de um capitalismo amaz\u00f4nico a partir de manaus - Ant\u00f4nio Jos\u00e9 Botelho","og_description":"Da Inten\u00e7\u00e3o Tenho escrito de forma erudita para demonstrar a necessidade de adotarmos o Projeto ZFM como um meio para um desenvolvimento minimamente aut\u00f4nomo. Tal expectativa pressup\u00f5e a estrat\u00e9gia da constru\u00e7\u00e3o de um capitalismo amaz\u00f4nico na perspectiva da acumula\u00e7\u00e3o primitiva de capital. Nessa dimens\u00e3o, completar\u00edamos a natureza filos\u00f3fica do PIM de atra\u00e7\u00e3o de investimentos lastreados [&hellip;]","og_url":"http:\/\/antoniojosebotelho.com.br\/br\/2019\/05\/12\/pequeno-ensaio-em-prol-da-construcao-de-um-capitalismo-amazonico-a-partir-de-manaus\/","og_site_name":"Ant\u00f4nio Jos\u00e9 Botelho","article_published_time":"2019-05-12T02:27:03+00:00","article_modified_time":"2020-02-04T01:48:09+00:00","og_image":[{"width":577,"height":812,"url":"http:\/\/antoniojosebotelho.com.br\/br\/wp-content\/uploads\/2019\/05\/2011_pequeno-ensaio.png","type":"image\/png"}],"author":"abotelho","twitter_card":"summary_large_image","twitter_misc":{"Escrito por":"abotelho","Est. tempo de leitura":"3 minutos"},"schema":{"@context":"https:\/\/schema.org","@graph":[{"@type":"Article","@id":"http:\/\/antoniojosebotelho.com.br\/br\/2019\/05\/12\/pequeno-ensaio-em-prol-da-construcao-de-um-capitalismo-amazonico-a-partir-de-manaus\/#article","isPartOf":{"@id":"http:\/\/antoniojosebotelho.com.br\/br\/2019\/05\/12\/pequeno-ensaio-em-prol-da-construcao-de-um-capitalismo-amazonico-a-partir-de-manaus\/"},"author":{"name":"abotelho","@id":"http:\/\/antoniojosebotelho.com.br\/br\/#\/schema\/person\/43d740221d9216f49d857c5020d14dbc"},"headline":"Pequeno ensaio em prol da constru\u00e7\u00e3o de um capitalismo amaz\u00f4nico a partir de manaus","datePublished":"2019-05-12T02:27:03+00:00","dateModified":"2020-02-04T01:48:09+00:00","mainEntityOfPage":{"@id":"http:\/\/antoniojosebotelho.com.br\/br\/2019\/05\/12\/pequeno-ensaio-em-prol-da-construcao-de-um-capitalismo-amazonico-a-partir-de-manaus\/"},"wordCount":700,"publisher":{"@id":"http:\/\/antoniojosebotelho.com.br\/br\/#\/schema\/person\/43d740221d9216f49d857c5020d14dbc"},"image":{"@id":"http:\/\/antoniojosebotelho.com.br\/br\/2019\/05\/12\/pequeno-ensaio-em-prol-da-construcao-de-um-capitalismo-amazonico-a-partir-de-manaus\/#primaryimage"},"thumbnailUrl":"http:\/\/antoniojosebotelho.com.br\/br\/wp-content\/uploads\/2019\/05\/2011_pequeno-ensaio.png","articleSection":["Livros"],"inLanguage":"pt-BR"},{"@type":"WebPage","@id":"http:\/\/antoniojosebotelho.com.br\/br\/2019\/05\/12\/pequeno-ensaio-em-prol-da-construcao-de-um-capitalismo-amazonico-a-partir-de-manaus\/","url":"http:\/\/antoniojosebotelho.com.br\/br\/2019\/05\/12\/pequeno-ensaio-em-prol-da-construcao-de-um-capitalismo-amazonico-a-partir-de-manaus\/","name":"Pequeno ensaio em prol da constru\u00e7\u00e3o de um capitalismo amaz\u00f4nico a partir de manaus - Ant\u00f4nio Jos\u00e9 Botelho","isPartOf":{"@id":"http:\/\/antoniojosebotelho.com.br\/br\/#website"},"primaryImageOfPage":{"@id":"http:\/\/antoniojosebotelho.com.br\/br\/2019\/05\/12\/pequeno-ensaio-em-prol-da-construcao-de-um-capitalismo-amazonico-a-partir-de-manaus\/#primaryimage"},"image":{"@id":"http:\/\/antoniojosebotelho.com.br\/br\/2019\/05\/12\/pequeno-ensaio-em-prol-da-construcao-de-um-capitalismo-amazonico-a-partir-de-manaus\/#primaryimage"},"thumbnailUrl":"http:\/\/antoniojosebotelho.com.br\/br\/wp-content\/uploads\/2019\/05\/2011_pequeno-ensaio.png","datePublished":"2019-05-12T02:27:03+00:00","dateModified":"2020-02-04T01:48:09+00:00","breadcrumb":{"@id":"http:\/\/antoniojosebotelho.com.br\/br\/2019\/05\/12\/pequeno-ensaio-em-prol-da-construcao-de-um-capitalismo-amazonico-a-partir-de-manaus\/#breadcrumb"},"inLanguage":"pt-BR","potentialAction":[{"@type":"ReadAction","target":["http:\/\/antoniojosebotelho.com.br\/br\/2019\/05\/12\/pequeno-ensaio-em-prol-da-construcao-de-um-capitalismo-amazonico-a-partir-de-manaus\/"]}]},{"@type":"ImageObject","inLanguage":"pt-BR","@id":"http:\/\/antoniojosebotelho.com.br\/br\/2019\/05\/12\/pequeno-ensaio-em-prol-da-construcao-de-um-capitalismo-amazonico-a-partir-de-manaus\/#primaryimage","url":"http:\/\/antoniojosebotelho.com.br\/br\/wp-content\/uploads\/2019\/05\/2011_pequeno-ensaio.png","contentUrl":"http:\/\/antoniojosebotelho.com.br\/br\/wp-content\/uploads\/2019\/05\/2011_pequeno-ensaio.png","width":577,"height":812},{"@type":"BreadcrumbList","@id":"http:\/\/antoniojosebotelho.com.br\/br\/2019\/05\/12\/pequeno-ensaio-em-prol-da-construcao-de-um-capitalismo-amazonico-a-partir-de-manaus\/#breadcrumb","itemListElement":[{"@type":"ListItem","position":1,"name":"In\u00edcio","item":"http:\/\/antoniojosebotelho.com.br\/br\/"},{"@type":"ListItem","position":2,"name":"Pequeno ensaio em prol da constru\u00e7\u00e3o de um capitalismo amaz\u00f4nico a partir de manaus"}]},{"@type":"WebSite","@id":"http:\/\/antoniojosebotelho.com.br\/br\/#website","url":"http:\/\/antoniojosebotelho.com.br\/br\/","name":"Ant\u00f4nio Jos\u00e9 Botelho","description":"Publica\u00e7\u00f5es e Artigos.","publisher":{"@id":"http:\/\/antoniojosebotelho.com.br\/br\/#\/schema\/person\/43d740221d9216f49d857c5020d14dbc"},"potentialAction":[{"@type":"SearchAction","target":{"@type":"EntryPoint","urlTemplate":"http:\/\/antoniojosebotelho.com.br\/br\/?s={search_term_string}"},"query-input":{"@type":"PropertyValueSpecification","valueRequired":true,"valueName":"search_term_string"}}],"inLanguage":"pt-BR"},{"@type":["Person","Organization"],"@id":"http:\/\/antoniojosebotelho.com.br\/br\/#\/schema\/person\/43d740221d9216f49d857c5020d14dbc","name":"abotelho","image":{"@type":"ImageObject","inLanguage":"pt-BR","@id":"http:\/\/antoniojosebotelho.com.br\/br\/wp-content\/uploads\/2019\/04\/img_capa-head2.png","url":"http:\/\/antoniojosebotelho.com.br\/br\/wp-content\/uploads\/2019\/04\/img_capa-head2.png","contentUrl":"http:\/\/antoniojosebotelho.com.br\/br\/wp-content\/uploads\/2019\/04\/img_capa-head2.png","width":240,"height":32,"caption":"abotelho"},"logo":{"@id":"http:\/\/antoniojosebotelho.com.br\/br\/wp-content\/uploads\/2019\/04\/img_capa-head2.png"}}]}},"_links":{"self":[{"href":"http:\/\/antoniojosebotelho.com.br\/br\/wp-json\/wp\/v2\/posts\/135","targetHints":{"allow":["GET"]}}],"collection":[{"href":"http:\/\/antoniojosebotelho.com.br\/br\/wp-json\/wp\/v2\/posts"}],"about":[{"href":"http:\/\/antoniojosebotelho.com.br\/br\/wp-json\/wp\/v2\/types\/post"}],"author":[{"embeddable":true,"href":"http:\/\/antoniojosebotelho.com.br\/br\/wp-json\/wp\/v2\/users\/1"}],"replies":[{"embeddable":true,"href":"http:\/\/antoniojosebotelho.com.br\/br\/wp-json\/wp\/v2\/comments?post=135"}],"version-history":[{"count":6,"href":"http:\/\/antoniojosebotelho.com.br\/br\/wp-json\/wp\/v2\/posts\/135\/revisions"}],"predecessor-version":[{"id":907,"href":"http:\/\/antoniojosebotelho.com.br\/br\/wp-json\/wp\/v2\/posts\/135\/revisions\/907"}],"wp:featuredmedia":[{"embeddable":true,"href":"http:\/\/antoniojosebotelho.com.br\/br\/wp-json\/wp\/v2\/media\/95"}],"wp:attachment":[{"href":"http:\/\/antoniojosebotelho.com.br\/br\/wp-json\/wp\/v2\/media?parent=135"}],"wp:term":[{"taxonomy":"category","embeddable":true,"href":"http:\/\/antoniojosebotelho.com.br\/br\/wp-json\/wp\/v2\/categories?post=135"},{"taxonomy":"post_tag","embeddable":true,"href":"http:\/\/antoniojosebotelho.com.br\/br\/wp-json\/wp\/v2\/tags?post=135"}],"curies":[{"name":"wp","href":"https:\/\/api.w.org\/{rel}","templated":true}]}}